{"id":85715,"date":"2017-11-21T20:26:48","date_gmt":"2017-11-21T22:26:48","guid":{"rendered":"http:\/\/diarioregionaljf.com.br\/2017\/11\/21\/preco-das-hortalicas-aumenta-e-frutas-ficam-mais-baratas-em-outubro\/"},"modified":"2017-11-21T20:26:48","modified_gmt":"2017-11-21T22:26:48","slug":"preco-das-hortalicas-aumenta-e-frutas-ficam-mais-baratas-em-outubro","status":"publish","type":"post","link":"https:\/\/diarioregionaldigital.com.br\/?p=85715","title":{"rendered":"Pre\u00e7o das hortali\u00e7as aumenta e frutas ficam mais baratas em outubro"},"content":{"rendered":"<p>As hortali\u00e7as ficaram mais caras no m\u00eas de outubro nas principais centrais de abastecimento do pa\u00eds, de acordo com o 11\u00ba Boletim Hortigranjeiro da Companhia Nacional de Abastecimento (Conab), divulgado nesta ter\u00e7a-feira, 21.<\/p>\n<p>A batata e a cenoura registraram os maiores aumentos. Em setembro, a batata havia apresentado a maior queda nas cota\u00e7\u00f5es. No entanto, em outubro, teve aumento superior a 90% nos estados de Goi\u00e1s e do Paran\u00e1. A batata tamb\u00e9m ficou mais cara no Distrito Federal (67%), no Rio de Janeiro (58%), no Esp\u00edrito Santo (54%) e em S\u00e3o Paulo (42%).<\/p>\n<p>No caso da cenoura, a alta de pre\u00e7os chegou a 49% no Esp\u00edrito Santo, seguido por aumentos de 23% a 26% no Distrito Federal, no Paran\u00e1 e em Goi\u00e1s. Para as duas hortali\u00e7as, a alta se deve \u00e0 diminui\u00e7\u00e3o da oferta da safra de inverno.<\/p>\n<p>&nbsp;<\/p>\n<h4>FRUTAS<\/h4>\n<p>O boletim da Conab mostra que, em outubro, as frutas ficaram mais baratas na maioria das Ceasas analisadas. O pre\u00e7o de algumas frutas natalinas j\u00e1 come\u00e7ou a cair, entre as quais o p\u00eassego, 54% mais barato, a ameixa (20%) e o damasco (3%).<\/p>\n<p>O mam\u00e3o teve um recuo de pre\u00e7o de 44% em Goi\u00e1s e de 23% em Minas Gerais. Ap\u00f3s os meses de agosto e setembro, a banana tamb\u00e9m ficou mais em conta. Na Ceasa Minas, a fruta ficou 17% mais barata. Houve queda de 14% em Pernambuco, de 13% em Goi\u00e1s e de 12% no Esp\u00edrito Santo.<\/p>\n<p>&nbsp;<\/p>\n<p>Fonte: Ag\u00eancia Brasil<\/p>\n","protected":false},"excerpt":{"rendered":"<p>As hortali\u00e7as ficaram mais caras no m\u00eas de outubro nas principais centrais de abastecimento do pa\u00eds, de acordo com o 11\u00ba Boletim Hortigranjeiro da Companhia Nacional de Abastecimento (Conab), divulgado nesta ter\u00e7a-feira, 21. A batata e a cenoura registraram os maiores aumentos. Em setembro, a batata havia apresentado a maior queda nas cota\u00e7\u00f5es. No entanto, [&hellip;]<\/p>\n","protected":false},"author":96,"featured_media":85714,"comment_status":"closed","ping_status":"closed","sticky":false,"template":"","format":"standard","meta":{"footnotes":""},"categories":[261],"tags":[],"class_list":["post-85715","post","type-post","status-publish","format-standard","has-post-thumbnail","hentry","category-economia"],"_links":{"self":[{"href":"https:\/\/diarioregionaldigital.com.br\/index.php?rest_route=\/wp\/v2\/posts\/85715","targetHints":{"allow":["GET"]}}],"collection":[{"href":"https:\/\/diarioregionaldigital.com.br\/index.php?rest_route=\/wp\/v2\/posts"}],"about":[{"href":"https:\/\/diarioregionaldigital.com.br\/index.php?rest_route=\/wp\/v2\/types\/post"}],"author":[{"embeddable":true,"href":"https:\/\/diarioregionaldigital.com.br\/index.php?rest_route=\/wp\/v2\/users\/96"}],"replies":[{"embeddable":true,"href":"https:\/\/diarioregionaldigital.com.br\/index.php?rest_route=%2Fwp%2Fv2%2Fcomments&post=85715"}],"version-history":[{"count":0,"href":"https:\/\/diarioregionaldigital.com.br\/index.php?rest_route=\/wp\/v2\/posts\/85715\/revisions"}],"wp:featuredmedia":[{"embeddable":true,"href":"https:\/\/diarioregionaldigital.com.br\/index.php?rest_route=\/wp\/v2\/media\/85714"}],"wp:attachment":[{"href":"https:\/\/diarioregionaldigital.com.br\/index.php?rest_route=%2Fwp%2Fv2%2Fmedia&parent=85715"}],"wp:term":[{"taxonomy":"category","embeddable":true,"href":"https:\/\/diarioregionaldigital.com.br\/index.php?rest_route=%2Fwp%2Fv2%2Fcategories&post=85715"},{"taxonomy":"post_tag","embeddable":true,"href":"https:\/\/diarioregionaldigital.com.br\/index.php?rest_route=%2Fwp%2Fv2%2Ftags&post=85715"}],"curies":[{"name":"wp","href":"https:\/\/api.w.org\/{rel}","templated":true}]}}