{"id":85713,"date":"2017-11-21T20:20:00","date_gmt":"2017-11-21T22:20:00","guid":{"rendered":"http:\/\/diarioregionaljf.com.br\/2017\/11\/21\/apos-nova-ordem-de-prisao-albertassi-melo-e-picciani-se-apresentam-a-pf\/"},"modified":"2017-11-21T20:20:00","modified_gmt":"2017-11-21T22:20:00","slug":"apos-nova-ordem-de-prisao-albertassi-melo-e-picciani-se-apresentam-a-pf","status":"publish","type":"post","link":"https:\/\/diarioregionaldigital.com.br\/?p=85713","title":{"rendered":"Ap\u00f3s nova ordem de pris\u00e3o, Albertassi, Melo e Picciani se apresentam \u00e0 PF"},"content":{"rendered":"<p>Os deputados estaduais Edson Albertassi, Paulo Melo e Jorge Picciani se apresentaram \u00e0 Pol\u00edcia Federal (PF), na tarde desta ter\u00e7a-feira, 21, ap\u00f3s nova ordem de pris\u00e3o expedida pelo Tribunal Regional Federal da 2\u00aa Regi\u00e3o (TRF2).<\/p>\n<p>O primeiro a chegar foi Albertassi, seguido por Melo e depois Picciani. Da PF, os tr\u00eas seguiram para o Instituto M\u00e9dico-Legal (IML), por volta das 17h15, para fazer exame de corpo de delito, e retornar\u00e3o para a Cadeia P\u00fablica Jos\u00e9 Frederico Marques, em Benfica.<\/p>\n<p>Eles chegaram a ficar uma noite em Benfica, quando foram presos, na \u00faltima quinta-feira, 16, por ordem do TRF2, no \u00e2mbito da Opera\u00e7\u00e3o Cadeia Velha. Eles s\u00e3o acusados de recebimento de propinas para favorecer empresas de \u00f4nibus.<\/p>\n<p>Os tr\u00eas tiveram bloqueados R$270 milh\u00f5es, por ordem judicial, montante referente ao total supostamente recebido indevidamente das empresas de \u00f4nibus.<\/p>\n<p>Na decis\u00e3o desta ter\u00e7a-feira, os desembargadores do TRF consideraram que a Assembleia Legislativa do Rio de Janeiro (Alerj) extrapolou suas compet\u00eancias constitucionais, ao ordenar a liberta\u00e7\u00e3o dos tr\u00eas parlamentares, ap\u00f3s vota\u00e7\u00e3o na \u00faltima sexta-feira, 17, sem sequer comunicar o fato ao TRF2.<\/p>\n<h4>&nbsp;<\/h4>\n<h4>DEFESA<\/h4>\n<p>O advogado N\u00e9lio Machado, que defende Picciani, considerou a decis\u00e3o do TRF2 &#8220;ilegal, inconstitucional e infeliz&#8221;. Ele disse que ir\u00e1 recorrer \u00e0 inst\u00e2ncia superior.<\/p>\n<p>A defesa de Albertassi se manifestou em nota. &#8220;O deputado Edson Albertassi j\u00e1 se apresentou \u00e0 Pol\u00edcia Federal para cumprir a determina\u00e7\u00e3o do TRF. Edson Albertassi confia na Justi\u00e7a e estar\u00e1 sempre \u00e0 disposi\u00e7\u00e3o para esclarecer os fatos&#8221;.<\/p>\n<p>Paulo Melo tamb\u00e9m se manifestou em nota. \u201cMais uma vez vejo como injusta a decis\u00e3o do Tribunal Regional Federal. N\u00e3o cometi nenhum crime e tenho o m\u00e1ximo de interesse na r\u00e1pida apura\u00e7\u00e3o dos fatos&#8221;.<\/p>\n<p>&nbsp;<\/p>\n<p>Fonte: Ag\u00eancia Brasil<\/p>\n","protected":false},"excerpt":{"rendered":"<p>Os deputados estaduais Edson Albertassi, Paulo Melo e Jorge Picciani se apresentaram \u00e0 Pol\u00edcia Federal (PF), na tarde desta ter\u00e7a-feira, 21, ap\u00f3s nova ordem de pris\u00e3o expedida pelo Tribunal Regional Federal da 2\u00aa Regi\u00e3o (TRF2). O primeiro a chegar foi Albertassi, seguido por Melo e depois Picciani. Da PF, os tr\u00eas seguiram para o Instituto [&hellip;]<\/p>\n","protected":false},"author":96,"featured_media":85712,"comment_status":"closed","ping_status":"closed","sticky":false,"template":"","format":"standard","meta":{"footnotes":""},"categories":[254],"tags":[],"class_list":["post-85713","post","type-post","status-publish","format-standard","has-post-thumbnail","hentry","category-politica"],"_links":{"self":[{"href":"https:\/\/diarioregionaldigital.com.br\/index.php?rest_route=\/wp\/v2\/posts\/85713","targetHints":{"allow":["GET"]}}],"collection":[{"href":"https:\/\/diarioregionaldigital.com.br\/index.php?rest_route=\/wp\/v2\/posts"}],"about":[{"href":"https:\/\/diarioregionaldigital.com.br\/index.php?rest_route=\/wp\/v2\/types\/post"}],"author":[{"embeddable":true,"href":"https:\/\/diarioregionaldigital.com.br\/index.php?rest_route=\/wp\/v2\/users\/96"}],"replies":[{"embeddable":true,"href":"https:\/\/diarioregionaldigital.com.br\/index.php?rest_route=%2Fwp%2Fv2%2Fcomments&post=85713"}],"version-history":[{"count":0,"href":"https:\/\/diarioregionaldigital.com.br\/index.php?rest_route=\/wp\/v2\/posts\/85713\/revisions"}],"wp:featuredmedia":[{"embeddable":true,"href":"https:\/\/diarioregionaldigital.com.br\/index.php?rest_route=\/wp\/v2\/media\/85712"}],"wp:attachment":[{"href":"https:\/\/diarioregionaldigital.com.br\/index.php?rest_route=%2Fwp%2Fv2%2Fmedia&parent=85713"}],"wp:term":[{"taxonomy":"category","embeddable":true,"href":"https:\/\/diarioregionaldigital.com.br\/index.php?rest_route=%2Fwp%2Fv2%2Fcategories&post=85713"},{"taxonomy":"post_tag","embeddable":true,"href":"https:\/\/diarioregionaldigital.com.br\/index.php?rest_route=%2Fwp%2Fv2%2Ftags&post=85713"}],"curies":[{"name":"wp","href":"https:\/\/api.w.org\/{rel}","templated":true}]}}