{"id":85711,"date":"2017-11-21T20:10:30","date_gmt":"2017-11-21T22:10:30","guid":{"rendered":"http:\/\/diarioregionaljf.com.br\/2017\/11\/21\/tribunal-reduz-condenacao-de-eduardo-cunha-na-lava-jato\/"},"modified":"2017-11-21T20:10:30","modified_gmt":"2017-11-21T22:10:30","slug":"tribunal-reduz-condenacao-de-eduardo-cunha-na-lava-jato","status":"publish","type":"post","link":"https:\/\/diarioregionaldigital.com.br\/?p=85711","title":{"rendered":"Tribunal reduz condena\u00e7\u00e3o de Eduardo Cunha na Lava Jato"},"content":{"rendered":"<p>O Tribunal Regional Federal (TRF) da 4\u00aa Regi\u00e3o, sediado em Porto Alegre, decidiu nesta ter\u00e7a-feira, 21, reduzir a condena\u00e7\u00e3o do ex-deputado Eduardo Cunha na Opera\u00e7\u00e3o Lava Jato. A Oitava Turma reduziu a pena de 15 anos e quatro meses de pris\u00e3o para 14 anos e seis meses pelos crimes de corrup\u00e7\u00e3o, lavagem de dinheiro e evas\u00e3o de divisas. Tamb\u00e9m ficou decidido pelo cumprimento imediato da pena ap\u00f3s o julgamento de mais um eventual recurso.<\/p>\n<p>Atualmente, ele est\u00e1 preso preventivamente no Complexo-M\u00e9dico Penal (CMP), na regi\u00e3o metropolitana de Curitiba. O tribunal julgou a apela\u00e7\u00e3o de Eduardo Cunha, que tentava reverter a senten\u00e7a do juiz federal S\u00e9rgio Moro, da 13\u00aa Vara Federal em Curitiba, que o condenou pelo recebimento de 1,3 milh\u00e3o de francos su\u00ed\u00e7os em propina em um contrato para explora\u00e7\u00e3o da Petrobras no campo de petr\u00f3leo no Benin, na \u00c1frica.<\/p>\n<p>Nas \u00faltimas semanas, Cunha ficou preso temporariamente em Bras\u00edlia em fun\u00e7\u00e3o dos depoimentos que estava prestando em outro processo oriundo da Lava Jato no Distrito Federal. No entanto, ap\u00f3s o interrogat\u00f3rio, seu retorno a Curitiba foi determinado pela Justi\u00e7a.<\/p>\n<p>Fonte: Ag\u00eancia Brasil<\/p>\n","protected":false},"excerpt":{"rendered":"<p>O Tribunal Regional Federal (TRF) da 4\u00aa Regi\u00e3o, sediado em Porto Alegre, decidiu nesta ter\u00e7a-feira, 21, reduzir a condena\u00e7\u00e3o do ex-deputado Eduardo Cunha na Opera\u00e7\u00e3o Lava Jato. A Oitava Turma reduziu a pena de 15 anos e quatro meses de pris\u00e3o para 14 anos e seis meses pelos crimes de corrup\u00e7\u00e3o, lavagem de dinheiro e [&hellip;]<\/p>\n","protected":false},"author":96,"featured_media":85710,"comment_status":"closed","ping_status":"closed","sticky":false,"template":"","format":"standard","meta":{"footnotes":""},"categories":[254],"tags":[],"class_list":["post-85711","post","type-post","status-publish","format-standard","has-post-thumbnail","hentry","category-politica"],"_links":{"self":[{"href":"https:\/\/diarioregionaldigital.com.br\/index.php?rest_route=\/wp\/v2\/posts\/85711","targetHints":{"allow":["GET"]}}],"collection":[{"href":"https:\/\/diarioregionaldigital.com.br\/index.php?rest_route=\/wp\/v2\/posts"}],"about":[{"href":"https:\/\/diarioregionaldigital.com.br\/index.php?rest_route=\/wp\/v2\/types\/post"}],"author":[{"embeddable":true,"href":"https:\/\/diarioregionaldigital.com.br\/index.php?rest_route=\/wp\/v2\/users\/96"}],"replies":[{"embeddable":true,"href":"https:\/\/diarioregionaldigital.com.br\/index.php?rest_route=%2Fwp%2Fv2%2Fcomments&post=85711"}],"version-history":[{"count":0,"href":"https:\/\/diarioregionaldigital.com.br\/index.php?rest_route=\/wp\/v2\/posts\/85711\/revisions"}],"wp:featuredmedia":[{"embeddable":true,"href":"https:\/\/diarioregionaldigital.com.br\/index.php?rest_route=\/wp\/v2\/media\/85710"}],"wp:attachment":[{"href":"https:\/\/diarioregionaldigital.com.br\/index.php?rest_route=%2Fwp%2Fv2%2Fmedia&parent=85711"}],"wp:term":[{"taxonomy":"category","embeddable":true,"href":"https:\/\/diarioregionaldigital.com.br\/index.php?rest_route=%2Fwp%2Fv2%2Fcategories&post=85711"},{"taxonomy":"post_tag","embeddable":true,"href":"https:\/\/diarioregionaldigital.com.br\/index.php?rest_route=%2Fwp%2Fv2%2Ftags&post=85711"}],"curies":[{"name":"wp","href":"https:\/\/api.w.org\/{rel}","templated":true}]}}