{"id":85709,"date":"2017-11-21T20:03:53","date_gmt":"2017-11-21T22:03:53","guid":{"rendered":"http:\/\/diarioregionaljf.com.br\/2017\/11\/21\/pjf-divulga-resultado-de-processo-seletivo-para-contratacao-de-tecnico-em-laboratorio\/"},"modified":"2017-11-21T20:03:53","modified_gmt":"2017-11-21T22:03:53","slug":"pjf-divulga-resultado-de-processo-seletivo-para-contratacao-de-tecnico-em-laboratorio","status":"publish","type":"post","link":"https:\/\/diarioregionaldigital.com.br\/?p=85709","title":{"rendered":"PJF divulga resultado de processo seletivo para contrata\u00e7\u00e3o de t\u00e9cnico em laborat\u00f3rio"},"content":{"rendered":"<p>A Prefeitura de Juiz de Fora (PJF) divulgou nesta ter\u00e7a-feira, 21, o resultado do <a href=\"cidade\/20847-pjf-abre-inscricoes-para-processo-seletivo-de-tecnico-em-laboratorio\" target=\"_blank\" rel=\"noopener noreferrer\">processo seletivo para contrata\u00e7\u00e3o tempor\u00e1ria de t\u00e9cnico de n\u00edvel m\u00e9dio I<\/a>, com atua\u00e7\u00e3o na \u00e1rea de laborat\u00f3rio (Edital n\u00ba 342-SARH &#8211; Secretaria de Administra\u00e7\u00e3o e Recursos Humanos). Os classificados devem aguardar convoca\u00e7\u00e3o. O documento foi publicado no Di\u00e1rio Oficial Eletr\u00f4nico do Munic\u00edpio e pode ser conferido <a href=\"https:\/\/www.pjf.mg.gov.br\/e_atos\/e_atos_vis.php?id=57216\" target=\"_blank\" rel=\"noopener noreferrer\">aqui<\/a>.<\/p>\n<p>Fonte: Assessoria<\/p>\n","protected":false},"excerpt":{"rendered":"<p>A Prefeitura de Juiz de Fora (PJF) divulgou nesta ter\u00e7a-feira, 21, o resultado do processo seletivo para contrata\u00e7\u00e3o tempor\u00e1ria de t\u00e9cnico de n\u00edvel m\u00e9dio I, com atua\u00e7\u00e3o na \u00e1rea de laborat\u00f3rio (Edital n\u00ba 342-SARH &#8211; Secretaria de Administra\u00e7\u00e3o e Recursos Humanos). Os classificados devem aguardar convoca\u00e7\u00e3o. O documento foi publicado no Di\u00e1rio Oficial Eletr\u00f4nico do [&hellip;]<\/p>\n","protected":false},"author":96,"featured_media":85708,"comment_status":"closed","ping_status":"closed","sticky":false,"template":"","format":"standard","meta":{"footnotes":""},"categories":[253],"tags":[],"class_list":["post-85709","post","type-post","status-publish","format-standard","has-post-thumbnail","hentry","category-cidade"],"_links":{"self":[{"href":"https:\/\/diarioregionaldigital.com.br\/index.php?rest_route=\/wp\/v2\/posts\/85709","targetHints":{"allow":["GET"]}}],"collection":[{"href":"https:\/\/diarioregionaldigital.com.br\/index.php?rest_route=\/wp\/v2\/posts"}],"about":[{"href":"https:\/\/diarioregionaldigital.com.br\/index.php?rest_route=\/wp\/v2\/types\/post"}],"author":[{"embeddable":true,"href":"https:\/\/diarioregionaldigital.com.br\/index.php?rest_route=\/wp\/v2\/users\/96"}],"replies":[{"embeddable":true,"href":"https:\/\/diarioregionaldigital.com.br\/index.php?rest_route=%2Fwp%2Fv2%2Fcomments&post=85709"}],"version-history":[{"count":0,"href":"https:\/\/diarioregionaldigital.com.br\/index.php?rest_route=\/wp\/v2\/posts\/85709\/revisions"}],"wp:featuredmedia":[{"embeddable":true,"href":"https:\/\/diarioregionaldigital.com.br\/index.php?rest_route=\/wp\/v2\/media\/85708"}],"wp:attachment":[{"href":"https:\/\/diarioregionaldigital.com.br\/index.php?rest_route=%2Fwp%2Fv2%2Fmedia&parent=85709"}],"wp:term":[{"taxonomy":"category","embeddable":true,"href":"https:\/\/diarioregionaldigital.com.br\/index.php?rest_route=%2Fwp%2Fv2%2Fcategories&post=85709"},{"taxonomy":"post_tag","embeddable":true,"href":"https:\/\/diarioregionaldigital.com.br\/index.php?rest_route=%2Fwp%2Fv2%2Ftags&post=85709"}],"curies":[{"name":"wp","href":"https:\/\/api.w.org\/{rel}","templated":true}]}}