{"id":85707,"date":"2017-11-21T19:53:53","date_gmt":"2017-11-21T21:53:53","guid":{"rendered":"http:\/\/diarioregionaljf.com.br\/2017\/11\/21\/rede-de-oticas-de-juiz-de-fora-e-suspeita-de-sonegacao-fiscal\/"},"modified":"2017-11-21T19:53:53","modified_gmt":"2017-11-21T21:53:53","slug":"rede-de-oticas-de-juiz-de-fora-e-suspeita-de-sonegacao-fiscal","status":"publish","type":"post","link":"https:\/\/diarioregionaldigital.com.br\/?p=85707","title":{"rendered":"Rede de \u00f3ticas de Juiz de Fora \u00e9 suspeita de sonega\u00e7\u00e3o fiscal"},"content":{"rendered":"<p>A rede \u00d3ticas Kika, empresa juiz-forana voltada \u00e0 comercializa\u00e7\u00e3o de \u00f3culos e equipamentos eletr\u00f4nicos, foi alvo da opera\u00e7\u00e3o Arma\u00e7\u00e3o, deflagrada pelo Minist\u00e9rio P\u00fablico de Minas Gerais (MPMG), Receita Estadual e Pol\u00edcia Civil, na manh\u00e3 desta ter\u00e7a-feira, 21. A a\u00e7\u00e3o apura a suspeita de venda de \u00f3culos, lentes e arma\u00e7\u00f5es sem proced\u00eancia comprovada.<\/p>\n<p>Segundo o Minist\u00e9rio P\u00fablico, a rede estaria comercializando \u00f3culos sem nota fiscal. Os produtos seriam adquiridos no estado do Rio de Janeiro e guardados em um s\u00edtio na regi\u00e3o de Matias Barbosa.<\/p>\n<p>Na opera\u00e7\u00e3o desta ter\u00e7a-feira, foram cumpridos seis mandados de busca e apreens\u00e3o em Juiz de Fora e Matias Barbosa, sendo realizadas a contagem f\u00edsica de produtos e a verifica\u00e7\u00e3o da origem das mercadorias. Tr\u00eas promotores de Justi\u00e7a, tr\u00eas delegados, 18 agentes da Pol\u00edcia Civil e 45 auditores fiscais participaram da for\u00e7a-tarefa.<\/p>\n<p>Ainda segundo informa\u00e7\u00f5es do MP, a Secretaria Estadual de Fazenda j\u00e1 teria apurado que, em 2015 e 2016, a empresa comercializou centenas de \u00f3culos sem comprovar, por meio de nota fiscal, as aquisi\u00e7\u00f5es, o que teria resultado em uma sonega\u00e7\u00e3o superior \u00e0 R$1 milh\u00e3o de reais.<\/p>\n<p>Os envolvidos est\u00e3o sendo investigados pelos crimes de sonega\u00e7\u00e3o fiscal e organiza\u00e7\u00e3o criminosa. Em caso de condena\u00e7\u00e3o, as penas podem chegar a 10 anos de reclus\u00e3o.<\/p>\n<p>&nbsp;<\/p>\n<h4>POSICIONAMENTO DA EMPRESA<\/h4>\n<p>Em nota de esclarecimento, a \u00d3ticas Kika nega a acusa\u00e7\u00e3o de que compra \u00f3culos de sol e de grau e lentes de contato no estado do Rio de Janeiro e revende sem nota em Juiz de Fora. A empresa tamb\u00e9m afirma que todas as suas mercadorias s\u00e3o adquiridas com nota fiscal, obtidas diretamente dos fabricantes.<\/p>\n<p>&#8220;Reiteramos aqui que a \u00d3ticas Kika \u00e9 uma empresa genuinamente juizforana, no mercado h\u00e1 36 anos, que prioriza a clareza com rela\u00e7\u00e3o a origem e qualidade de seus produtos; essa conduta permitiu rela\u00e7\u00f5es empresariais com as maiores ind\u00fastrias multinacionais do mercado do segmento \u00f3ptico do mundo&#8221;, ressalta a nota.<\/p>\n<p>A empresa destaca, ainda, estar \u00e0 disposi\u00e7\u00e3o das investiga\u00e7\u00f5es, em busca do esclarecimentos dos fatos.<\/p>\n","protected":false},"excerpt":{"rendered":"<p>A rede \u00d3ticas Kika, empresa juiz-forana voltada \u00e0 comercializa\u00e7\u00e3o de \u00f3culos e equipamentos eletr\u00f4nicos, foi alvo da opera\u00e7\u00e3o Arma\u00e7\u00e3o, deflagrada pelo Minist\u00e9rio P\u00fablico de Minas Gerais (MPMG), Receita Estadual e Pol\u00edcia Civil, na manh\u00e3 desta ter\u00e7a-feira, 21. A a\u00e7\u00e3o apura a suspeita de venda de \u00f3culos, lentes e arma\u00e7\u00f5es sem proced\u00eancia comprovada. Segundo o Minist\u00e9rio [&hellip;]<\/p>\n","protected":false},"author":96,"featured_media":85706,"comment_status":"closed","ping_status":"closed","sticky":false,"template":"","format":"standard","meta":{"footnotes":""},"categories":[253],"tags":[],"class_list":["post-85707","post","type-post","status-publish","format-standard","has-post-thumbnail","hentry","category-cidade"],"_links":{"self":[{"href":"https:\/\/diarioregionaldigital.com.br\/index.php?rest_route=\/wp\/v2\/posts\/85707","targetHints":{"allow":["GET"]}}],"collection":[{"href":"https:\/\/diarioregionaldigital.com.br\/index.php?rest_route=\/wp\/v2\/posts"}],"about":[{"href":"https:\/\/diarioregionaldigital.com.br\/index.php?rest_route=\/wp\/v2\/types\/post"}],"author":[{"embeddable":true,"href":"https:\/\/diarioregionaldigital.com.br\/index.php?rest_route=\/wp\/v2\/users\/96"}],"replies":[{"embeddable":true,"href":"https:\/\/diarioregionaldigital.com.br\/index.php?rest_route=%2Fwp%2Fv2%2Fcomments&post=85707"}],"version-history":[{"count":0,"href":"https:\/\/diarioregionaldigital.com.br\/index.php?rest_route=\/wp\/v2\/posts\/85707\/revisions"}],"wp:featuredmedia":[{"embeddable":true,"href":"https:\/\/diarioregionaldigital.com.br\/index.php?rest_route=\/wp\/v2\/media\/85706"}],"wp:attachment":[{"href":"https:\/\/diarioregionaldigital.com.br\/index.php?rest_route=%2Fwp%2Fv2%2Fmedia&parent=85707"}],"wp:term":[{"taxonomy":"category","embeddable":true,"href":"https:\/\/diarioregionaldigital.com.br\/index.php?rest_route=%2Fwp%2Fv2%2Fcategories&post=85707"},{"taxonomy":"post_tag","embeddable":true,"href":"https:\/\/diarioregionaldigital.com.br\/index.php?rest_route=%2Fwp%2Fv2%2Ftags&post=85707"}],"curies":[{"name":"wp","href":"https:\/\/api.w.org\/{rel}","templated":true}]}}