{"id":85704,"date":"2017-11-21T18:42:02","date_gmt":"2017-11-21T20:42:02","guid":{"rendered":"http:\/\/diarioregionaljf.com.br\/2017\/11\/21\/secretaria-de-obras-atua-em-locais-atingidos-pelas-chuvas-de-segunda-feira\/"},"modified":"2017-11-21T18:42:02","modified_gmt":"2017-11-21T20:42:02","slug":"secretaria-de-obras-atua-em-locais-atingidos-pelas-chuvas-de-segunda-feira","status":"publish","type":"post","link":"https:\/\/diarioregionaldigital.com.br\/?p=85704","title":{"rendered":"Secretaria de Obras atua em locais atingidos pelas chuvas de segunda-feira"},"content":{"rendered":"<p>Para diminuir os transtornos causados pelas fortes e constantes chuvas de segunda-feira, 20, a Secretaria de Obras (SO) da Prefeitura de Juiz de Fora (PJF) atuou nos bairros Graminha e Monte Castelo nesta ter\u00e7a, 21, realizando remo\u00e7\u00e3o de terra da via e desobstru\u00e7\u00e3o de boca de lobo, respectivamente. Na Rua Joaquim Vicente Guedes, no Bairro Graminha, zona sul da cidade, houve deslizamento de terra, atingindo parte da via. A moradora da casa acima do talude, Jaine Maria Ribeiro, 51 anos, contou que entrou em contato com a Defesa Civil, que esteve no local, constatando que a causa foi a chuva intensa, infiltrando no solo, sem cobertura vegetal. O deslizamento foi pequeno, n\u00e3o representando danos para os moradores da regi\u00e3o. Para minimizar novos deslizamentos, o \u00f3rg\u00e3o fez a doa\u00e7\u00e3o de lona.<\/p>\n<p>A secretaria realizou, tamb\u00e9m, a limpeza de boca de lobo obstru\u00edda, que ocasionou alagamento na Rua Coronel Quint\u00e3o, no Bairro Monte Castelo, zona norte. &#8220;Aproveitamos para pedir a conscientiza\u00e7\u00e3o da popula\u00e7\u00e3o, para que n\u00e3o jogue lixo na rua e nem coloque os res\u00edduos dom\u00e9sticos fora do hor\u00e1rio de coleta do Demlurb (Departamento Municipal de Limpeza Urbana), pois 90% do que retiramos das bocas de lobo s\u00e3o lixo descartado irregularmente&#8221;, ressaltou o subsecret\u00e1rio de Opera\u00e7\u00e3o Urbana da SO, Jos\u00e9 Walter \u00c1vila.<\/p>\n<p>&nbsp;<\/p>\n<p>Fonte: Assessoria<\/p>\n","protected":false},"excerpt":{"rendered":"<p>Para diminuir os transtornos causados pelas fortes e constantes chuvas de segunda-feira, 20, a Secretaria de Obras (SO) da Prefeitura de Juiz de Fora (PJF) atuou nos bairros Graminha e Monte Castelo nesta ter\u00e7a, 21, realizando remo\u00e7\u00e3o de terra da via e desobstru\u00e7\u00e3o de boca de lobo, respectivamente. Na Rua Joaquim Vicente Guedes, no Bairro [&hellip;]<\/p>\n","protected":false},"author":96,"featured_media":85703,"comment_status":"closed","ping_status":"closed","sticky":false,"template":"","format":"standard","meta":{"footnotes":""},"categories":[253],"tags":[],"class_list":["post-85704","post","type-post","status-publish","format-standard","has-post-thumbnail","hentry","category-cidade"],"_links":{"self":[{"href":"https:\/\/diarioregionaldigital.com.br\/index.php?rest_route=\/wp\/v2\/posts\/85704","targetHints":{"allow":["GET"]}}],"collection":[{"href":"https:\/\/diarioregionaldigital.com.br\/index.php?rest_route=\/wp\/v2\/posts"}],"about":[{"href":"https:\/\/diarioregionaldigital.com.br\/index.php?rest_route=\/wp\/v2\/types\/post"}],"author":[{"embeddable":true,"href":"https:\/\/diarioregionaldigital.com.br\/index.php?rest_route=\/wp\/v2\/users\/96"}],"replies":[{"embeddable":true,"href":"https:\/\/diarioregionaldigital.com.br\/index.php?rest_route=%2Fwp%2Fv2%2Fcomments&post=85704"}],"version-history":[{"count":0,"href":"https:\/\/diarioregionaldigital.com.br\/index.php?rest_route=\/wp\/v2\/posts\/85704\/revisions"}],"wp:featuredmedia":[{"embeddable":true,"href":"https:\/\/diarioregionaldigital.com.br\/index.php?rest_route=\/wp\/v2\/media\/85703"}],"wp:attachment":[{"href":"https:\/\/diarioregionaldigital.com.br\/index.php?rest_route=%2Fwp%2Fv2%2Fmedia&parent=85704"}],"wp:term":[{"taxonomy":"category","embeddable":true,"href":"https:\/\/diarioregionaldigital.com.br\/index.php?rest_route=%2Fwp%2Fv2%2Fcategories&post=85704"},{"taxonomy":"post_tag","embeddable":true,"href":"https:\/\/diarioregionaldigital.com.br\/index.php?rest_route=%2Fwp%2Fv2%2Ftags&post=85704"}],"curies":[{"name":"wp","href":"https:\/\/api.w.org\/{rel}","templated":true}]}}