{"id":85684,"date":"2017-11-21T17:25:44","date_gmt":"2017-11-21T19:25:44","guid":{"rendered":"http:\/\/diarioregionaljf.com.br\/2017\/11\/21\/acidente-na-br-040-proximo-a-oliveira-fortes-deixa-uma-vitima-fatal\/"},"modified":"2017-11-21T17:25:44","modified_gmt":"2017-11-21T19:25:44","slug":"acidente-na-br-040-proximo-a-oliveira-fortes-deixa-uma-vitima-fatal","status":"publish","type":"post","link":"https:\/\/diarioregionaldigital.com.br\/?p=85684","title":{"rendered":"Acidente na BR-040 pr\u00f3ximo \u00e0 Oliveira Fortes deixa uma v\u00edtima fatal"},"content":{"rendered":"<p>Um homem de 38 anos morreu ap\u00f3s o carro em que estava bater de frente com um caminh\u00e3o no Km 735 da BR-040, pr\u00f3ximo ao munic\u00edpio de Oliveira Fortes, na tarde dessa segunda-feira, 20.<\/p>\n<p>Segundo informa\u00e7\u00f5es da Pol\u00edcia Rodovi\u00e1ria Federal (PRF), o autom\u00f3vel de passeio seguia no sentido de Belo Horizonte quando o motorista perdeu o controle da dire\u00e7\u00e3o, invadiu a contram\u00e3o e colidiu frontalmente com o caminh\u00e3o, que transitava na pista sentido Juiz de Fora.<\/p>\n<p>Chovia no momento do acidente.<\/p>\n","protected":false},"excerpt":{"rendered":"<p>Um homem de 38 anos morreu ap\u00f3s o carro em que estava bater de frente com um caminh\u00e3o no Km 735 da BR-040, pr\u00f3ximo ao munic\u00edpio de Oliveira Fortes, na tarde dessa segunda-feira, 20. Segundo informa\u00e7\u00f5es da Pol\u00edcia Rodovi\u00e1ria Federal (PRF), o autom\u00f3vel de passeio seguia no sentido de Belo Horizonte quando o motorista perdeu [&hellip;]<\/p>\n","protected":false},"author":96,"featured_media":85683,"comment_status":"closed","ping_status":"closed","sticky":false,"template":"","format":"standard","meta":{"footnotes":""},"categories":[252],"tags":[],"class_list":["post-85684","post","type-post","status-publish","format-standard","has-post-thumbnail","hentry","category-regiao"],"_links":{"self":[{"href":"https:\/\/diarioregionaldigital.com.br\/index.php?rest_route=\/wp\/v2\/posts\/85684","targetHints":{"allow":["GET"]}}],"collection":[{"href":"https:\/\/diarioregionaldigital.com.br\/index.php?rest_route=\/wp\/v2\/posts"}],"about":[{"href":"https:\/\/diarioregionaldigital.com.br\/index.php?rest_route=\/wp\/v2\/types\/post"}],"author":[{"embeddable":true,"href":"https:\/\/diarioregionaldigital.com.br\/index.php?rest_route=\/wp\/v2\/users\/96"}],"replies":[{"embeddable":true,"href":"https:\/\/diarioregionaldigital.com.br\/index.php?rest_route=%2Fwp%2Fv2%2Fcomments&post=85684"}],"version-history":[{"count":0,"href":"https:\/\/diarioregionaldigital.com.br\/index.php?rest_route=\/wp\/v2\/posts\/85684\/revisions"}],"wp:featuredmedia":[{"embeddable":true,"href":"https:\/\/diarioregionaldigital.com.br\/index.php?rest_route=\/wp\/v2\/media\/85683"}],"wp:attachment":[{"href":"https:\/\/diarioregionaldigital.com.br\/index.php?rest_route=%2Fwp%2Fv2%2Fmedia&parent=85684"}],"wp:term":[{"taxonomy":"category","embeddable":true,"href":"https:\/\/diarioregionaldigital.com.br\/index.php?rest_route=%2Fwp%2Fv2%2Fcategories&post=85684"},{"taxonomy":"post_tag","embeddable":true,"href":"https:\/\/diarioregionaldigital.com.br\/index.php?rest_route=%2Fwp%2Fv2%2Ftags&post=85684"}],"curies":[{"name":"wp","href":"https:\/\/api.w.org\/{rel}","templated":true}]}}