{"id":85680,"date":"2017-11-21T12:37:23","date_gmt":"2017-11-21T14:37:23","guid":{"rendered":"http:\/\/diarioregionaljf.com.br\/2017\/11\/21\/jovem-e-alvejada-por-tiro-ao-buscar-pensao-do-filho-com-ex-companheiro\/"},"modified":"2017-11-21T12:37:23","modified_gmt":"2017-11-21T14:37:23","slug":"jovem-e-alvejada-por-tiro-ao-buscar-pensao-do-filho-com-ex-companheiro","status":"publish","type":"post","link":"https:\/\/diarioregionaldigital.com.br\/?p=85680","title":{"rendered":"Jovem \u00e9 alvejada por tiro ao buscar pens\u00e3o do filho com ex-companheiro"},"content":{"rendered":"<p>Uma jovem de 24 anos foi alvejada por um disparo de arma de fogo na tarde desta segunda-feira, 20. O crime ocorreu no bairro S\u00e3o Bernardo, localizado na zona Leste de Juiz de Fora.<\/p>\n<p>De acordo com informa\u00e7\u00f5es da Pol\u00edcia Militar (PM), a jovem teria se deslocado at\u00e9 a presen\u00e7a de um ex-companheiro, de 21 anos, a fim de buscar o dinheiro para o filho do casal, que est\u00e1 sob responsabilidade dela.<\/p>\n<p>Nesta ocasi\u00e3o o autor efetuou disparo de arma de fogo contra a jovem. Ela n\u00e3o foi atingida.<\/p>\n<p>O homem foi localizado, preso e conduzido a delegacia. A arma n\u00e3o foi localizada.<\/p>\n","protected":false},"excerpt":{"rendered":"<p>Uma jovem de 24 anos foi alvejada por um disparo de arma de fogo na tarde desta segunda-feira, 20. O crime ocorreu no bairro S\u00e3o Bernardo, localizado na zona Leste de Juiz de Fora. De acordo com informa\u00e7\u00f5es da Pol\u00edcia Militar (PM), a jovem teria se deslocado at\u00e9 a presen\u00e7a de um ex-companheiro, de 21 [&hellip;]<\/p>\n","protected":false},"author":96,"featured_media":85679,"comment_status":"closed","ping_status":"closed","sticky":false,"template":"","format":"standard","meta":{"footnotes":""},"categories":[301],"tags":[],"class_list":["post-85680","post","type-post","status-publish","format-standard","has-post-thumbnail","hentry","category-artigos-policiais"],"_links":{"self":[{"href":"https:\/\/diarioregionaldigital.com.br\/index.php?rest_route=\/wp\/v2\/posts\/85680","targetHints":{"allow":["GET"]}}],"collection":[{"href":"https:\/\/diarioregionaldigital.com.br\/index.php?rest_route=\/wp\/v2\/posts"}],"about":[{"href":"https:\/\/diarioregionaldigital.com.br\/index.php?rest_route=\/wp\/v2\/types\/post"}],"author":[{"embeddable":true,"href":"https:\/\/diarioregionaldigital.com.br\/index.php?rest_route=\/wp\/v2\/users\/96"}],"replies":[{"embeddable":true,"href":"https:\/\/diarioregionaldigital.com.br\/index.php?rest_route=%2Fwp%2Fv2%2Fcomments&post=85680"}],"version-history":[{"count":0,"href":"https:\/\/diarioregionaldigital.com.br\/index.php?rest_route=\/wp\/v2\/posts\/85680\/revisions"}],"wp:featuredmedia":[{"embeddable":true,"href":"https:\/\/diarioregionaldigital.com.br\/index.php?rest_route=\/wp\/v2\/media\/85679"}],"wp:attachment":[{"href":"https:\/\/diarioregionaldigital.com.br\/index.php?rest_route=%2Fwp%2Fv2%2Fmedia&parent=85680"}],"wp:term":[{"taxonomy":"category","embeddable":true,"href":"https:\/\/diarioregionaldigital.com.br\/index.php?rest_route=%2Fwp%2Fv2%2Fcategories&post=85680"},{"taxonomy":"post_tag","embeddable":true,"href":"https:\/\/diarioregionaldigital.com.br\/index.php?rest_route=%2Fwp%2Fv2%2Ftags&post=85680"}],"curies":[{"name":"wp","href":"https:\/\/api.w.org\/{rel}","templated":true}]}}