{"id":85678,"date":"2017-11-21T12:21:55","date_gmt":"2017-11-21T14:21:55","guid":{"rendered":"http:\/\/diarioregionaljf.com.br\/2017\/11\/21\/assaltantes-roubam-carro-e-agridem-motorista-em-semaforo-na-avenida-brasil\/"},"modified":"2017-11-21T12:21:55","modified_gmt":"2017-11-21T14:21:55","slug":"assaltantes-roubam-carro-e-agridem-motorista-em-semaforo-na-avenida-brasil","status":"publish","type":"post","link":"https:\/\/diarioregionaldigital.com.br\/?p=85678","title":{"rendered":"Assaltantes roubam carro e agridem motorista em sem\u00e1foro na Avenida Brasil"},"content":{"rendered":"<p>Um homem de 52 anos foi assaltado nesta segunda-feira, 20, enquanto dirigia um carro da empresa para qual trabalha.<\/p>\n<p>De acordo com o registro de ocorr\u00eancias da Pol\u00edcia Militar (PM), o homem que \u00e9 funcion\u00e1rio de um posto de combust\u00edveis, relatou que seguia em um carro da empresa, da marca Fiat Uno e ao parar em um sem\u00e1foro na Avenida Brasil com a Rua Marechal Setembrino Carvalho, foi surpreendido por dois indiv\u00edduos, um deles armado com um rev\u00f3lver.<\/p>\n<p>Os autores anunciaram o assalto e exigiram que o motorista entregasse um malote, contudo o mesmo explicava que n\u00e3o tinha nenhum malote. Neste momento, um dos assaltantes pegou o celular da v\u00edtima e mandou que passasse para o banco do carona.<\/p>\n<p>O homem, temendo por sua vida, pediu aos autores que fosse liberado. Um dos indiv\u00edduos lhe desferiu uma coronhada com a arma na cabe\u00e7a e mandou que o mesmo sa\u00edsse do carro. Ap\u00f3s a a\u00e7\u00e3o a dupla fugiu em dire\u00e7\u00e3o ao bairro Manoel Hon\u00f3rio.<\/p>\n<p>A v\u00edtima ainda relatou \u00e0 PM que suspeita que os autores possam ter se deslocado para o bairro Linhares, por j\u00e1 ter visto um deles no posto onde trabalha.<\/p>\n<p>O homem n\u00e3o apresentou nenhuma les\u00e3o devido \u00e0 coronhada, apenas relatou dores de cabe\u00e7a. Foi ofertado encaminhamento ao Hospital de Pronto Socorro (HPS), o que foi dispensado pela v\u00edtima.<\/p>\n<p>Os autores n\u00e3o foram localizados.<\/p>\n","protected":false},"excerpt":{"rendered":"<p>Um homem de 52 anos foi assaltado nesta segunda-feira, 20, enquanto dirigia um carro da empresa para qual trabalha. De acordo com o registro de ocorr\u00eancias da Pol\u00edcia Militar (PM), o homem que \u00e9 funcion\u00e1rio de um posto de combust\u00edveis, relatou que seguia em um carro da empresa, da marca Fiat Uno e ao parar [&hellip;]<\/p>\n","protected":false},"author":96,"featured_media":85677,"comment_status":"closed","ping_status":"closed","sticky":false,"template":"","format":"standard","meta":{"footnotes":""},"categories":[301],"tags":[],"class_list":["post-85678","post","type-post","status-publish","format-standard","has-post-thumbnail","hentry","category-artigos-policiais"],"_links":{"self":[{"href":"https:\/\/diarioregionaldigital.com.br\/index.php?rest_route=\/wp\/v2\/posts\/85678","targetHints":{"allow":["GET"]}}],"collection":[{"href":"https:\/\/diarioregionaldigital.com.br\/index.php?rest_route=\/wp\/v2\/posts"}],"about":[{"href":"https:\/\/diarioregionaldigital.com.br\/index.php?rest_route=\/wp\/v2\/types\/post"}],"author":[{"embeddable":true,"href":"https:\/\/diarioregionaldigital.com.br\/index.php?rest_route=\/wp\/v2\/users\/96"}],"replies":[{"embeddable":true,"href":"https:\/\/diarioregionaldigital.com.br\/index.php?rest_route=%2Fwp%2Fv2%2Fcomments&post=85678"}],"version-history":[{"count":0,"href":"https:\/\/diarioregionaldigital.com.br\/index.php?rest_route=\/wp\/v2\/posts\/85678\/revisions"}],"wp:featuredmedia":[{"embeddable":true,"href":"https:\/\/diarioregionaldigital.com.br\/index.php?rest_route=\/wp\/v2\/media\/85677"}],"wp:attachment":[{"href":"https:\/\/diarioregionaldigital.com.br\/index.php?rest_route=%2Fwp%2Fv2%2Fmedia&parent=85678"}],"wp:term":[{"taxonomy":"category","embeddable":true,"href":"https:\/\/diarioregionaldigital.com.br\/index.php?rest_route=%2Fwp%2Fv2%2Fcategories&post=85678"},{"taxonomy":"post_tag","embeddable":true,"href":"https:\/\/diarioregionaldigital.com.br\/index.php?rest_route=%2Fwp%2Fv2%2Ftags&post=85678"}],"curies":[{"name":"wp","href":"https:\/\/api.w.org\/{rel}","templated":true}]}}