{"id":85676,"date":"2017-11-21T11:29:29","date_gmt":"2017-11-21T13:29:29","guid":{"rendered":"http:\/\/diarioregionaljf.com.br\/2017\/11\/21\/onibus-e-assaltado-por-dupla-armada-no-bairro-santa-cruz\/"},"modified":"2017-11-21T11:29:29","modified_gmt":"2017-11-21T13:29:29","slug":"onibus-e-assaltado-por-dupla-armada-no-bairro-santa-cruz","status":"publish","type":"post","link":"https:\/\/diarioregionaldigital.com.br\/?p=85676","title":{"rendered":"\u00d4nibus \u00e9 assaltado por dupla armada no bairro Santa Cruz"},"content":{"rendered":"<p>Um \u00f4nibus da linha Alto Santa Cruz foi assaltado na noite desta segunda-feira, 20, ao passar pelo bairro Santa Cruz, localizado na zona Norte de Juiz de Fora.<\/p>\n<p>Segundo informa\u00e7\u00f5es do boletim de ocorr\u00eancias, o motorista do \u00f4nibus, de 51 anos e o cobrador, de 49, compareceram \u00e0 sede da 173\u00aa Cia da Pol\u00edcia Militar (PM) para relatar o assalto sofrido.<\/p>\n<p>De acordo com as v\u00edtimas, quando o \u00f4nibus passava pr\u00f3ximo a um bar na Rua Maria C\u00e2ndida de Jesus, um indiv\u00edduo encapuzado fez sinal para o coletivo. Ao parar, outro indiv\u00edduo tamb\u00e9m encapuzado, entrou no ve\u00edculo. Ambos estavam armados com rev\u00f3lver calibre 22.<\/p>\n<p>A dupla anunciou o assalto e roubou o celular do motorista, o celular e mais R$ 80 do cobrador e outro celular de um passageiro que se encontrava no \u00f4nibus. Ap\u00f3s o crime fugiram.<\/p>\n<p>O motorista e cobrador n\u00e3o souberam repassar muitas informa\u00e7\u00f5es a respeito dos autores por estarem encapuzados. Eles explicaram que no momento do assalto dois passageiros estavam no \u00f4nibus, e que os mesmos, ap\u00f3s o assalto desceram do ve\u00edculo e seguiram para suas resid\u00eancias. O passageiro que teve o celular roubado n\u00e3o quis dar queixa do fato \u00e0 PM.<\/p>\n<p>As v\u00edtimas receberam as orienta\u00e7\u00f5es necess\u00e1rias. Os autores n\u00e3o foram localizados.<\/p>\n","protected":false},"excerpt":{"rendered":"<p>Um \u00f4nibus da linha Alto Santa Cruz foi assaltado na noite desta segunda-feira, 20, ao passar pelo bairro Santa Cruz, localizado na zona Norte de Juiz de Fora. Segundo informa\u00e7\u00f5es do boletim de ocorr\u00eancias, o motorista do \u00f4nibus, de 51 anos e o cobrador, de 49, compareceram \u00e0 sede da 173\u00aa Cia da Pol\u00edcia Militar [&hellip;]<\/p>\n","protected":false},"author":96,"featured_media":85675,"comment_status":"closed","ping_status":"closed","sticky":false,"template":"","format":"standard","meta":{"footnotes":""},"categories":[301],"tags":[],"class_list":["post-85676","post","type-post","status-publish","format-standard","has-post-thumbnail","hentry","category-artigos-policiais"],"_links":{"self":[{"href":"https:\/\/diarioregionaldigital.com.br\/index.php?rest_route=\/wp\/v2\/posts\/85676","targetHints":{"allow":["GET"]}}],"collection":[{"href":"https:\/\/diarioregionaldigital.com.br\/index.php?rest_route=\/wp\/v2\/posts"}],"about":[{"href":"https:\/\/diarioregionaldigital.com.br\/index.php?rest_route=\/wp\/v2\/types\/post"}],"author":[{"embeddable":true,"href":"https:\/\/diarioregionaldigital.com.br\/index.php?rest_route=\/wp\/v2\/users\/96"}],"replies":[{"embeddable":true,"href":"https:\/\/diarioregionaldigital.com.br\/index.php?rest_route=%2Fwp%2Fv2%2Fcomments&post=85676"}],"version-history":[{"count":0,"href":"https:\/\/diarioregionaldigital.com.br\/index.php?rest_route=\/wp\/v2\/posts\/85676\/revisions"}],"wp:featuredmedia":[{"embeddable":true,"href":"https:\/\/diarioregionaldigital.com.br\/index.php?rest_route=\/wp\/v2\/media\/85675"}],"wp:attachment":[{"href":"https:\/\/diarioregionaldigital.com.br\/index.php?rest_route=%2Fwp%2Fv2%2Fmedia&parent=85676"}],"wp:term":[{"taxonomy":"category","embeddable":true,"href":"https:\/\/diarioregionaldigital.com.br\/index.php?rest_route=%2Fwp%2Fv2%2Fcategories&post=85676"},{"taxonomy":"post_tag","embeddable":true,"href":"https:\/\/diarioregionaldigital.com.br\/index.php?rest_route=%2Fwp%2Fv2%2Ftags&post=85676"}],"curies":[{"name":"wp","href":"https:\/\/api.w.org\/{rel}","templated":true}]}}