{"id":85674,"date":"2017-11-20T22:36:59","date_gmt":"2017-11-21T00:36:59","guid":{"rendered":"http:\/\/diarioregionaljf.com.br\/2017\/11\/20\/chacal-vence-nos-penaltis-e-ganha-a-categoria-senior-da-copa-pjf-bahamas-2017\/"},"modified":"2017-11-20T22:36:59","modified_gmt":"2017-11-21T00:36:59","slug":"chacal-vence-nos-penaltis-e-ganha-a-categoria-senior-da-copa-pjf-bahamas-2017","status":"publish","type":"post","link":"https:\/\/diarioregionaldigital.com.br\/?p=85674","title":{"rendered":"CHACAL vence nos p\u00eanaltis e ganha a CATEGORIA S\u00caNIOR da Copa PJF Bahamas 2017"},"content":{"rendered":"<p>Mais um grande p\u00fablico acompanhou a rodada do fim de semana da Copa Prefeitura Bahamas de Futebol Amador que consagrou outros dois campe\u00f5es da temporada. O Chacal venceu o Fordkar, nos p\u00eanaltis, e pela primeira vez levantou o caneco de campe\u00e3o da categoria s\u00eanior. Na outra final, entre os veteranos, o Dominados superou o Atalanta, da Cidade do Sol, por 2 a 0 e garantiu a volta ol\u00edmpica.<\/p>\n<p>J\u00e1 na \u00faltima rodada do quadrangular semifinal adulto, o Cruzeirinho venceu o Dominados por 1 a 0 e garantiu vaga na grande final. O advers\u00e1rio ser\u00e1 o T\u00f4 Maluco, que perdeu no tempo normal para o Chapad\u00e3o, por 1 a 0, mas ganhou nos p\u00eanaltis por 2 a 0. A final adulta est\u00e1 marcada para o dia tr\u00eas de dezembro e quem vencer ser\u00e1 tricampe\u00e3o.<\/p>\n<p><strong>S\u00caNIOR: CHACAL CONQUISTA T\u00cdTULO IN\u00c9DITO<\/strong><br \/>Na primeira decis\u00e3o do domingo na categoria s\u00eanior, Chacal e Fordkar empataram em 1 a 1 no tempo normal. Logo no in\u00edcio do jogo, p\u00eanalti a favor do Fordkar, que abriu o placar com Curi\u00f3. Quatro minutos depois, Tuca escorou cruzamento e empatou o jogo. No segundo tempo, s\u00f3 deu Fordkar que pressionou muito em busca da vit\u00f3ria. Seguro na defesa, o Chacal levou a defini\u00e7\u00e3o do campe\u00e3o para os p\u00eanaltis. O Fordkar saiu na frente e abriu 2 a 0. Na hora de decidir, permitiu a rea\u00e7\u00e3o do Chacal. O goleiro Marola foi o grande destaque. Pegou a \u00faltima cobran\u00e7a do Fordkar e ele mesmo converteu o quinto tiro livre que deu o t\u00edtulo ao seu time. Os destaques que levaram a premia\u00e7\u00e3o foram os seguintes: Curi\u00f3, do Fordkar e Tuca, do Chacal, pelos gols. Marola foi o destaque das cobran\u00e7as de p\u00eanaltis e Jos\u00e9 Carlos, do Chacal, tirou uma bola em cima da linha no \u00faltimo minuto. Se a bola entra, era o t\u00edtulo do Fordkar. Alegria dupla, j\u00e1 que no domingo, Jos\u00e9 Carlos fez anivers\u00e1rio. A coordena\u00e7\u00e3o geral da Copa Prefeitura Bahamas define em boletim da pr\u00f3xima rodada com a programa\u00e7\u00e3o de mais quatro finais nas categorias super master, juvenil, master e feminina. Todos os jogos acontecem mais uma vez no est\u00e1dio M\u00e1rio Hel\u00eanio, com entrada franca. (Acima a foto do Fordkar, vice-campe\u00e3o, do S\u00eanior)<\/p>\n<p><img loading=\"lazy\" decoding=\"async\" class=\" size-full wp-image-85667\" src=\"http:\/\/diarioregionaljf.com.br\/wp-content\/uploads\/2017\/11\/diario-int-21414-1.JPG\" alt=\"DSC 6677\" title=\"Gerson(GSport), o Secret\u00e1rio de Esporte, J\u00falio Gasparette, Fl\u00e1vio Villela(est\u00e1dio) e o garoto Bernardo premiam os times.      FOTO: Arc\u00e9lio Mendon\u00e7a\/Bahamas\" width=\"680\" height=\"450\" srcset=\"https:\/\/diarioregionaldigital.com.br\/wp-content\/uploads\/2017\/11\/diario-int-21414-1.JPG 680w, https:\/\/diarioregionaldigital.com.br\/wp-content\/uploads\/2017\/11\/diario-int-21414-1-300x199.jpg 300w, https:\/\/diarioregionaldigital.com.br\/wp-content\/uploads\/2017\/11\/diario-int-21414-1-360x238.jpg 360w\" sizes=\"auto, (max-width: 680px) 100vw, 680px\" \/><\/p>\n<p><img loading=\"lazy\" decoding=\"async\" class=\" size-full wp-image-85668\" src=\"http:\/\/diarioregionaljf.com.br\/wp-content\/uploads\/2017\/11\/diario-int-21414-2.JPG\" alt=\"DSC 6679\" title=\"FOTO: Arc\u00e9lio Mendon\u00e7a\/Bahamas\" width=\"680\" height=\"450\" srcset=\"https:\/\/diarioregionaldigital.com.br\/wp-content\/uploads\/2017\/11\/diario-int-21414-2.JPG 680w, https:\/\/diarioregionaldigital.com.br\/wp-content\/uploads\/2017\/11\/diario-int-21414-2-300x199.jpg 300w, https:\/\/diarioregionaldigital.com.br\/wp-content\/uploads\/2017\/11\/diario-int-21414-2-360x238.jpg 360w\" sizes=\"auto, (max-width: 680px) 100vw, 680px\" \/><\/p>\n<p><img loading=\"lazy\" decoding=\"async\" class=\" size-full wp-image-85669\" src=\"http:\/\/diarioregionaljf.com.br\/wp-content\/uploads\/2017\/11\/diario-int-21414-3.JPG\" alt=\"DSC 6502\" title=\"FOTO: Arc\u00e9lio Mendon\u00e7a\/Bahamas\" width=\"680\" height=\"450\" srcset=\"https:\/\/diarioregionaldigital.com.br\/wp-content\/uploads\/2017\/11\/diario-int-21414-3.JPG 680w, https:\/\/diarioregionaldigital.com.br\/wp-content\/uploads\/2017\/11\/diario-int-21414-3-300x199.jpg 300w, https:\/\/diarioregionaldigital.com.br\/wp-content\/uploads\/2017\/11\/diario-int-21414-3-360x238.jpg 360w\" sizes=\"auto, (max-width: 680px) 100vw, 680px\" \/><\/p>\n<p><img loading=\"lazy\" decoding=\"async\" class=\" size-full wp-image-85670\" src=\"http:\/\/diarioregionaljf.com.br\/wp-content\/uploads\/2017\/11\/diario-int-21414-4.JPG\" alt=\"DSC 6662\" title=\"Ap\u00f3s a partida, os destaques de cada time receberam premia\u00e7\u00e3o da coordena\u00e7\u00e3o e dos parceiros e patrocinadores da Copa Prefeitura Bahamas de Futebol 2017.       FOTO: Arc\u00e9lio Mendon\u00e7a\/Bahamas\" width=\"680\" height=\"450\" srcset=\"https:\/\/diarioregionaldigital.com.br\/wp-content\/uploads\/2017\/11\/diario-int-21414-4.JPG 680w, https:\/\/diarioregionaldigital.com.br\/wp-content\/uploads\/2017\/11\/diario-int-21414-4-300x199.jpg 300w, https:\/\/diarioregionaldigital.com.br\/wp-content\/uploads\/2017\/11\/diario-int-21414-4-360x238.jpg 360w\" sizes=\"auto, (max-width: 680px) 100vw, 680px\" \/><\/p>\n<p><img loading=\"lazy\" decoding=\"async\" class=\" size-full wp-image-85671\" src=\"http:\/\/diarioregionaljf.com.br\/wp-content\/uploads\/2017\/11\/diario-int-21414-5.JPG\" alt=\"DSC 6659\" title=\"Ap\u00f3s a partida, os destaques de cada time receberam premia\u00e7\u00e3o da coordena\u00e7\u00e3o e dos parceiros e patrocinadores da Copa Prefeitura Bahamas de Futebol 2017.       FOTO: Arc\u00e9lio Mendon\u00e7a\/Bahamas\" width=\"680\" height=\"768\" srcset=\"https:\/\/diarioregionaldigital.com.br\/wp-content\/uploads\/2017\/11\/diario-int-21414-5.JPG 680w, https:\/\/diarioregionaldigital.com.br\/wp-content\/uploads\/2017\/11\/diario-int-21414-5-266x300.jpg 266w, https:\/\/diarioregionaldigital.com.br\/wp-content\/uploads\/2017\/11\/diario-int-21414-5-360x407.jpg 360w\" sizes=\"auto, (max-width: 680px) 100vw, 680px\" \/><\/p>\n<p><img loading=\"lazy\" decoding=\"async\" class=\" size-full wp-image-85672\" src=\"http:\/\/diarioregionaljf.com.br\/wp-content\/uploads\/2017\/11\/diario-int-21414-6.JPG\" alt=\"DSC 6661\" title=\"Ap\u00f3s a partida, os destaques de cada time receberam premia\u00e7\u00e3o da coordena\u00e7\u00e3o e dos parceiros e patrocinadores da Copa Prefeitura Bahamas de Futebol 2017.       FOTO: Arc\u00e9lio Mendon\u00e7a\/Bahamas\" width=\"680\" height=\"768\" srcset=\"https:\/\/diarioregionaldigital.com.br\/wp-content\/uploads\/2017\/11\/diario-int-21414-6.JPG 680w, https:\/\/diarioregionaldigital.com.br\/wp-content\/uploads\/2017\/11\/diario-int-21414-6-266x300.jpg 266w, https:\/\/diarioregionaldigital.com.br\/wp-content\/uploads\/2017\/11\/diario-int-21414-6-360x407.jpg 360w\" sizes=\"auto, (max-width: 680px) 100vw, 680px\" \/><\/p>\n<p><img loading=\"lazy\" decoding=\"async\" class=\" size-full wp-image-85673\" src=\"http:\/\/diarioregionaljf.com.br\/wp-content\/uploads\/2017\/11\/diario-int-21414-7.JPG\" alt=\"DSC 6664\" title=\"Ap\u00f3s a partida, os destaques de cada time receberam premia\u00e7\u00e3o da coordena\u00e7\u00e3o e dos parceiros e patrocinadores da Copa Prefeitura Bahamas de Futebol 2017.       FOTO: Arc\u00e9lio Mendon\u00e7a\/Bahamas\" width=\"680\" height=\"450\" srcset=\"https:\/\/diarioregionaldigital.com.br\/wp-content\/uploads\/2017\/11\/diario-int-21414-7.JPG 680w, https:\/\/diarioregionaldigital.com.br\/wp-content\/uploads\/2017\/11\/diario-int-21414-7-300x199.jpg 300w, https:\/\/diarioregionaldigital.com.br\/wp-content\/uploads\/2017\/11\/diario-int-21414-7-360x238.jpg 360w\" sizes=\"auto, (max-width: 680px) 100vw, 680px\" \/><\/p>\n","protected":false},"excerpt":{"rendered":"<p>Mais um grande p\u00fablico acompanhou a rodada do fim de semana da Copa Prefeitura Bahamas de Futebol Amador que consagrou outros dois campe\u00f5es da temporada. O Chacal venceu o Fordkar, nos p\u00eanaltis, e pela primeira vez levantou o caneco de campe\u00e3o da categoria s\u00eanior. Na outra final, entre os veteranos, o Dominados superou o Atalanta, [&hellip;]<\/p>\n","protected":false},"author":96,"featured_media":85666,"comment_status":"closed","ping_status":"closed","sticky":false,"template":"","format":"standard","meta":{"footnotes":""},"categories":[257],"tags":[],"class_list":["post-85674","post","type-post","status-publish","format-standard","has-post-thumbnail","hentry","category-esporte"],"_links":{"self":[{"href":"https:\/\/diarioregionaldigital.com.br\/index.php?rest_route=\/wp\/v2\/posts\/85674","targetHints":{"allow":["GET"]}}],"collection":[{"href":"https:\/\/diarioregionaldigital.com.br\/index.php?rest_route=\/wp\/v2\/posts"}],"about":[{"href":"https:\/\/diarioregionaldigital.com.br\/index.php?rest_route=\/wp\/v2\/types\/post"}],"author":[{"embeddable":true,"href":"https:\/\/diarioregionaldigital.com.br\/index.php?rest_route=\/wp\/v2\/users\/96"}],"replies":[{"embeddable":true,"href":"https:\/\/diarioregionaldigital.com.br\/index.php?rest_route=%2Fwp%2Fv2%2Fcomments&post=85674"}],"version-history":[{"count":0,"href":"https:\/\/diarioregionaldigital.com.br\/index.php?rest_route=\/wp\/v2\/posts\/85674\/revisions"}],"wp:featuredmedia":[{"embeddable":true,"href":"https:\/\/diarioregionaldigital.com.br\/index.php?rest_route=\/wp\/v2\/media\/85666"}],"wp:attachment":[{"href":"https:\/\/diarioregionaldigital.com.br\/index.php?rest_route=%2Fwp%2Fv2%2Fmedia&parent=85674"}],"wp:term":[{"taxonomy":"category","embeddable":true,"href":"https:\/\/diarioregionaldigital.com.br\/index.php?rest_route=%2Fwp%2Fv2%2Fcategories&post=85674"},{"taxonomy":"post_tag","embeddable":true,"href":"https:\/\/diarioregionaldigital.com.br\/index.php?rest_route=%2Fwp%2Fv2%2Ftags&post=85674"}],"curies":[{"name":"wp","href":"https:\/\/api.w.org\/{rel}","templated":true}]}}