{"id":85607,"date":"2017-11-20T19:41:55","date_gmt":"2017-11-20T21:41:55","guid":{"rendered":"http:\/\/diarioregionaljf.com.br\/2017\/11\/20\/prefeitura-de-cataguases-alerta-para-a-importancia-do-combate-aos-mosquitos-transmissores-da-febre-chikungunya\/"},"modified":"2017-11-20T19:41:55","modified_gmt":"2017-11-20T21:41:55","slug":"prefeitura-de-cataguases-alerta-para-a-importancia-do-combate-aos-mosquitos-transmissores-da-febre-chikungunya","status":"publish","type":"post","link":"https:\/\/diarioregionaldigital.com.br\/?p=85607","title":{"rendered":"Prefeitura de Cataguases alerta para a import\u00e2ncia do combate aos mosquitos transmissores da febre chikungunya"},"content":{"rendered":"<p>No \u00faltimo dia 10, Cataguases registrou o primeiro caso de febre chikungunya na cidade. O caso serve de alerta para a popula\u00e7\u00e3o intensificar o combate aos mosquitos Aedes aegypti e ao Aedes albopictus, transmissores da doen\u00e7a, visto que, neste per\u00edodo do ano, os mosquitos se proliferam devido \u00e0s altas temperaturas e \u00e0s chuvas. O Aedes aegypti transmite tamb\u00e9m o Zika v\u00edrus, a febre amarela e a dengue.<\/p>\n<p>A coordenadora do Setor de Epidemiologia da Secretaria Municipal de Sa\u00fade, Tairises Roque, lembra que a popula\u00e7\u00e3o deve ficar atenta aos sintomas da febre chikungunya. \u201cFebre alta de in\u00edcio r\u00e1pido, dores intensas nas articula\u00e7\u00f5es dos p\u00e9s, m\u00e3os, dedos, tornozelos e pulsos s\u00e3o alguns dos principais sinais da doen\u00e7a. Podem ocorrer ainda dores de cabe\u00e7a, dores nos m\u00fasculos e manchas vermelhas na pele. N\u00e3o \u00e9 poss\u00edvel ter a chicungunya mais de uma vez, j\u00e1 que depois de infectada a pessoa fica imune pelo resto da vida. Os sintomas iniciam entre dois e doze dias ap\u00f3s a picada do mosquito e vale ressaltar que n\u00e3o existe vacina ou tratamento espec\u00edfico para a doen\u00e7a\u201d, afirmou.<\/p>\n<p>Ela tamb\u00e9m orienta a popula\u00e7\u00e3o a aumentar a aten\u00e7\u00e3o quanto aos sintomas da doen\u00e7a nesta \u00e9poca do ano. \u201cCaso a pessoa sinta os sintomas da doen\u00e7a, ela deve procurar o m\u00e9dico o mais r\u00e1pido poss\u00edvel. \u00c9 importante tamb\u00e9m que os profissionais das cl\u00ednicas de sa\u00fade particulares e do sistema p\u00fablico enviem as notifica\u00e7\u00f5es dos casos suspeitos para que possamos fazer as interven\u00e7\u00f5es necess\u00e1rias. Al\u00e9m disso, todos devem redobrar o cuidado em casa e verificar se n\u00e3o h\u00e1 algum lugar em que a \u00e1gua esteja parada, pois agindo assim ela pode eliminar o foco dos mosquitos e impede sua prolifera\u00e7\u00e3o\u201d, disse.<\/p>\n<p>De acordo com Cosme Costa, coordenador do N\u00facleo de Controle de Endemias, a Prefeitura tem realizado a\u00e7\u00f5es de combate aos mosquitos e a popula\u00e7\u00e3o deve ficar atenta aos poss\u00edveis criadouros dentro de casa. \u201cQuanto ao caso descoberto, n\u00f3s fizemos a a\u00e7\u00e3o de bloqueio de transmiss\u00e3o na regi\u00e3o para evitar novos casos. No restante do munic\u00edpio, executamos intensamente os procedimentos j\u00e1 praticados, como, por exemplo, as visitas dos agentes de endemias, notifica\u00e7\u00f5es, palestras e elimina\u00e7\u00e3o de dep\u00f3sitos de poss\u00edveis criadouros. As den\u00fancias podem ser feitas pelo telefone 3422-3589. As pessoas devem ficar atentas a objetos como pneus, lonas, calhas, ralos de locais pouco utilizados e se as caixas d\u2019\u00e1gua est\u00e3o bem tampadas\u201d, orientou.<\/p>\n<p>&nbsp;<\/p>\n<p>Fonte: Assessoria Prefeitura de Cataguases<\/p>\n","protected":false},"excerpt":{"rendered":"<p>No \u00faltimo dia 10, Cataguases registrou o primeiro caso de febre chikungunya na cidade. O caso serve de alerta para a popula\u00e7\u00e3o intensificar o combate aos mosquitos Aedes aegypti e ao Aedes albopictus, transmissores da doen\u00e7a, visto que, neste per\u00edodo do ano, os mosquitos se proliferam devido \u00e0s altas temperaturas e \u00e0s chuvas. O Aedes [&hellip;]<\/p>\n","protected":false},"author":96,"featured_media":85606,"comment_status":"closed","ping_status":"closed","sticky":false,"template":"","format":"standard","meta":{"footnotes":""},"categories":[252],"tags":[],"class_list":["post-85607","post","type-post","status-publish","format-standard","has-post-thumbnail","hentry","category-regiao"],"_links":{"self":[{"href":"https:\/\/diarioregionaldigital.com.br\/index.php?rest_route=\/wp\/v2\/posts\/85607","targetHints":{"allow":["GET"]}}],"collection":[{"href":"https:\/\/diarioregionaldigital.com.br\/index.php?rest_route=\/wp\/v2\/posts"}],"about":[{"href":"https:\/\/diarioregionaldigital.com.br\/index.php?rest_route=\/wp\/v2\/types\/post"}],"author":[{"embeddable":true,"href":"https:\/\/diarioregionaldigital.com.br\/index.php?rest_route=\/wp\/v2\/users\/96"}],"replies":[{"embeddable":true,"href":"https:\/\/diarioregionaldigital.com.br\/index.php?rest_route=%2Fwp%2Fv2%2Fcomments&post=85607"}],"version-history":[{"count":0,"href":"https:\/\/diarioregionaldigital.com.br\/index.php?rest_route=\/wp\/v2\/posts\/85607\/revisions"}],"wp:featuredmedia":[{"embeddable":true,"href":"https:\/\/diarioregionaldigital.com.br\/index.php?rest_route=\/wp\/v2\/media\/85606"}],"wp:attachment":[{"href":"https:\/\/diarioregionaldigital.com.br\/index.php?rest_route=%2Fwp%2Fv2%2Fmedia&parent=85607"}],"wp:term":[{"taxonomy":"category","embeddable":true,"href":"https:\/\/diarioregionaldigital.com.br\/index.php?rest_route=%2Fwp%2Fv2%2Fcategories&post=85607"},{"taxonomy":"post_tag","embeddable":true,"href":"https:\/\/diarioregionaldigital.com.br\/index.php?rest_route=%2Fwp%2Fv2%2Ftags&post=85607"}],"curies":[{"name":"wp","href":"https:\/\/api.w.org\/{rel}","templated":true}]}}