{"id":85601,"date":"2017-11-20T19:09:11","date_gmt":"2017-11-20T21:09:11","guid":{"rendered":"http:\/\/diarioregionaljf.com.br\/2017\/11\/20\/forca-aerea-seleciona-profissionais-de-nivel-superior\/"},"modified":"2017-11-20T19:09:11","modified_gmt":"2017-11-20T21:09:11","slug":"forca-aerea-seleciona-profissionais-de-nivel-superior","status":"publish","type":"post","link":"https:\/\/diarioregionaldigital.com.br\/?p=85601","title":{"rendered":"For\u00e7a A\u00e9rea seleciona profissionais de n\u00edvel superior"},"content":{"rendered":"<p>O Comando da Aeron\u00e1utica est\u00e1 com processo de Convoca\u00e7\u00e3o para a Sele\u00e7\u00e3o de Profissionais de N\u00edvel Superior aberto. O objetivo \u00e9 atrair volunt\u00e1rios, devidamente habilitados e que atendam \u00e0s condi\u00e7\u00f5es e \u00e0s normas estabelecidas em Aviso de Convoca\u00e7\u00e3o, \u00e0 presta\u00e7\u00e3o do Servi\u00e7o Militar Tempor\u00e1rio.<\/p>\n<p>As inscri\u00e7\u00f5es terminam na pr\u00f3xima sexta-feira, 24, e o candidato poder\u00e1 inscrever-se apenas para uma localidade e uma especialidade. Os requisitos espec\u00edficos dependem da especialidade pleiteada pelo candidato.<\/p>\n<p>Os requisitos m\u00ednimos s\u00e3o:<\/p>\n<p>a) Oficiais T\u00e9cnicos: diploma de ensino superior, em n\u00edvel de gradua\u00e7\u00e3o, e, dependendo da especialidade, Registro Profissional, conforme preconizam as legisla\u00e7\u00f5es relativas \u00e0s profiss\u00f5es regulamentadas;<\/p>\n<p>b) Oficiais M\u00e9dicos: diploma de ensino superior, em n\u00edvel de gradua\u00e7\u00e3o, Resid\u00eancia M\u00e9dica na especialidade pleitada pelo candidato (exceto para Cl\u00ednica M\u00e9dica), e registro no Conselho Regional de Medicina;<\/p>\n<p>c) Oficiais M\u00e9dicos (somente para a especialidade Cl\u00ednica M\u00e9dica), Farmac\u00eauticos, Dentistas e Veterin\u00e1rios: diploma de ensino superior, em n\u00edvel de gradua\u00e7\u00e3o, e registro no Conselho Regional da Profiss\u00e3o.<\/p>\n<p>O candidato dever\u00e1 dar especial aten\u00e7\u00e3o aos Par\u00e2metros de Qualifica\u00e7\u00e3o Profissional, visando \u00e0 pontua\u00e7\u00e3o na Avalia\u00e7\u00e3o Curricular.<\/p>\n<p>As vagas s\u00e3o as seguintes:<\/p>\n<p>a) Oficiais T\u00e9cnicos\/Magist\u00e9rio: 430 para diversas localidades, em todo o territ\u00f3rio nacional.<\/p>\n<p>b) Oficiais M\u00e9dicos, Farmac\u00eauticos, Dentistas e Veterin\u00e1rios: 487 para diversas localidades, em todo o territ\u00f3rio nacional.<\/p>\n<p>Maiores informa\u00e7\u00f5es podem ser obtidas no <a href=\"http:\/\/www3.fab.mil.br\/quadro_de_oficiais_temporarios.php\" target=\"_blank\" rel=\"noopener noreferrer\">Aviso de Convoca\u00e7\u00e3o<\/a>.<\/p>\n<p>Fonte: Assessoria<\/p>\n","protected":false},"excerpt":{"rendered":"<p>O Comando da Aeron\u00e1utica est\u00e1 com processo de Convoca\u00e7\u00e3o para a Sele\u00e7\u00e3o de Profissionais de N\u00edvel Superior aberto. O objetivo \u00e9 atrair volunt\u00e1rios, devidamente habilitados e que atendam \u00e0s condi\u00e7\u00f5es e \u00e0s normas estabelecidas em Aviso de Convoca\u00e7\u00e3o, \u00e0 presta\u00e7\u00e3o do Servi\u00e7o Militar Tempor\u00e1rio. As inscri\u00e7\u00f5es terminam na pr\u00f3xima sexta-feira, 24, e o candidato poder\u00e1 [&hellip;]<\/p>\n","protected":false},"author":96,"featured_media":85600,"comment_status":"closed","ping_status":"closed","sticky":false,"template":"","format":"standard","meta":{"footnotes":""},"categories":[280],"tags":[],"class_list":["post-85601","post","type-post","status-publish","format-standard","has-post-thumbnail","hentry","category-concurso"],"_links":{"self":[{"href":"https:\/\/diarioregionaldigital.com.br\/index.php?rest_route=\/wp\/v2\/posts\/85601","targetHints":{"allow":["GET"]}}],"collection":[{"href":"https:\/\/diarioregionaldigital.com.br\/index.php?rest_route=\/wp\/v2\/posts"}],"about":[{"href":"https:\/\/diarioregionaldigital.com.br\/index.php?rest_route=\/wp\/v2\/types\/post"}],"author":[{"embeddable":true,"href":"https:\/\/diarioregionaldigital.com.br\/index.php?rest_route=\/wp\/v2\/users\/96"}],"replies":[{"embeddable":true,"href":"https:\/\/diarioregionaldigital.com.br\/index.php?rest_route=%2Fwp%2Fv2%2Fcomments&post=85601"}],"version-history":[{"count":0,"href":"https:\/\/diarioregionaldigital.com.br\/index.php?rest_route=\/wp\/v2\/posts\/85601\/revisions"}],"wp:featuredmedia":[{"embeddable":true,"href":"https:\/\/diarioregionaldigital.com.br\/index.php?rest_route=\/wp\/v2\/media\/85600"}],"wp:attachment":[{"href":"https:\/\/diarioregionaldigital.com.br\/index.php?rest_route=%2Fwp%2Fv2%2Fmedia&parent=85601"}],"wp:term":[{"taxonomy":"category","embeddable":true,"href":"https:\/\/diarioregionaldigital.com.br\/index.php?rest_route=%2Fwp%2Fv2%2Fcategories&post=85601"},{"taxonomy":"post_tag","embeddable":true,"href":"https:\/\/diarioregionaldigital.com.br\/index.php?rest_route=%2Fwp%2Fv2%2Ftags&post=85601"}],"curies":[{"name":"wp","href":"https:\/\/api.w.org\/{rel}","templated":true}]}}