{"id":85577,"date":"2017-11-20T12:36:15","date_gmt":"2017-11-20T14:36:15","guid":{"rendered":"http:\/\/diarioregionaljf.com.br\/2017\/11\/20\/dupla-comete-cinco-roubos-seguidos-no-bairro-retiro\/"},"modified":"2017-11-20T12:36:15","modified_gmt":"2017-11-20T14:36:15","slug":"dupla-comete-cinco-roubos-seguidos-no-bairro-retiro","status":"publish","type":"post","link":"https:\/\/diarioregionaldigital.com.br\/?p=85577","title":{"rendered":"Dupla comete cinco roubos seguidos no bairro Retiro"},"content":{"rendered":"<p>Dois indiv\u00edduos com roupas camufladas e toucas realizaram uma s\u00e9rie de assaltos seguidos na noite deste domingo, 19, no bairro Retiro, localizado na Sudeste de Juiz de Fora.<\/p>\n<p>De acordo com o registro de ocorr\u00eancias, uma guarni\u00e7\u00e3o da Pol\u00edcia Militar (PM) compareceu at\u00e9 um restaurante na sa\u00edda de Juiz de Fora, no qual o propriet\u00e1rio, de 45 anos, relatou a presen\u00e7a dos dois indiv\u00edduos, armados com rev\u00f3lveres e que ap\u00f3s amea\u00e7as, roubaram a quantia de R$ 150 do estabelecimento e o seu aparelho celular.<\/p>\n<p>Ainda no restaurante, os autores tamb\u00e9m roubaram os celulares de dois clientes, um jovem de 25 anos e um senhor de 60 anos. Ap\u00f3s os crimes no local, a dupla fugiu.<\/p>\n<p>Os assaltantes seguiram at\u00e9 um posto de combust\u00edveis, no qual roubaram R$200 de uma frentista de 18 anos que trabalha no local. Em seguida agrediram e amea\u00e7aram outro frentista, de 20 anos, com socos e chutes. Ap\u00f3s as a\u00e7\u00f5es, fugiram em dire\u00e7\u00e3o ao bairro Jardim Esperan\u00e7a.<\/p>\n<p>A PM realizou buscas da regi\u00e3o, mas os indiv\u00edduos n\u00e3o foram localizados.<\/p>\n","protected":false},"excerpt":{"rendered":"<p>Dois indiv\u00edduos com roupas camufladas e toucas realizaram uma s\u00e9rie de assaltos seguidos na noite deste domingo, 19, no bairro Retiro, localizado na Sudeste de Juiz de Fora. De acordo com o registro de ocorr\u00eancias, uma guarni\u00e7\u00e3o da Pol\u00edcia Militar (PM) compareceu at\u00e9 um restaurante na sa\u00edda de Juiz de Fora, no qual o propriet\u00e1rio, [&hellip;]<\/p>\n","protected":false},"author":96,"featured_media":85576,"comment_status":"closed","ping_status":"closed","sticky":false,"template":"","format":"standard","meta":{"footnotes":""},"categories":[301],"tags":[],"class_list":["post-85577","post","type-post","status-publish","format-standard","has-post-thumbnail","hentry","category-artigos-policiais"],"_links":{"self":[{"href":"https:\/\/diarioregionaldigital.com.br\/index.php?rest_route=\/wp\/v2\/posts\/85577","targetHints":{"allow":["GET"]}}],"collection":[{"href":"https:\/\/diarioregionaldigital.com.br\/index.php?rest_route=\/wp\/v2\/posts"}],"about":[{"href":"https:\/\/diarioregionaldigital.com.br\/index.php?rest_route=\/wp\/v2\/types\/post"}],"author":[{"embeddable":true,"href":"https:\/\/diarioregionaldigital.com.br\/index.php?rest_route=\/wp\/v2\/users\/96"}],"replies":[{"embeddable":true,"href":"https:\/\/diarioregionaldigital.com.br\/index.php?rest_route=%2Fwp%2Fv2%2Fcomments&post=85577"}],"version-history":[{"count":0,"href":"https:\/\/diarioregionaldigital.com.br\/index.php?rest_route=\/wp\/v2\/posts\/85577\/revisions"}],"wp:featuredmedia":[{"embeddable":true,"href":"https:\/\/diarioregionaldigital.com.br\/index.php?rest_route=\/wp\/v2\/media\/85576"}],"wp:attachment":[{"href":"https:\/\/diarioregionaldigital.com.br\/index.php?rest_route=%2Fwp%2Fv2%2Fmedia&parent=85577"}],"wp:term":[{"taxonomy":"category","embeddable":true,"href":"https:\/\/diarioregionaldigital.com.br\/index.php?rest_route=%2Fwp%2Fv2%2Fcategories&post=85577"},{"taxonomy":"post_tag","embeddable":true,"href":"https:\/\/diarioregionaldigital.com.br\/index.php?rest_route=%2Fwp%2Fv2%2Ftags&post=85577"}],"curies":[{"name":"wp","href":"https:\/\/api.w.org\/{rel}","templated":true}]}}