{"id":85547,"date":"2017-11-18T14:32:07","date_gmt":"2017-11-18T16:32:07","guid":{"rendered":"http:\/\/diarioregionaljf.com.br\/2017\/11\/18\/suspeitos-de-tentativa-de-homicidio-sao-capturados-pela-pm-em-muriae\/"},"modified":"2017-11-18T14:32:07","modified_gmt":"2017-11-18T16:32:07","slug":"suspeitos-de-tentativa-de-homicidio-sao-capturados-pela-pm-em-muriae","status":"publish","type":"post","link":"https:\/\/diarioregionaldigital.com.br\/?p=85547","title":{"rendered":"Suspeitos de tentativa de homic\u00eddio s\u00e3o capturados pela PM em Muria\u00e9"},"content":{"rendered":"<p>Ap\u00f3s cerca de 72 horas de buscas, a Pol\u00edcia Militar (PM) capturou, na manh\u00e3 deste s\u00e1bado, 18, no bairro S\u00e3o Joaquim, em Muria\u00e9, os dois irm\u00e3os, de 18 e 20 anos,<a href=\"geral\/21314-briga-entre-vizinhos-termina-com-mulher-baleada-em-residencial-de-muriae\" target=\"_blank\" rel=\"noopener noreferrer\"> acusados de tentar matar a tiros uma mulher de 40 anos, no Residencial Nova Muria\u00e9, no distrito de Vermelho, na \u00faltima quarta-feira, 15<\/a>. Segundo a PM, a dupla estava escondida na uma resid\u00eancia de um parente.<\/p>\n<p>A v\u00edtima foi atingida por um tiro no pesco\u00e7o e outro no bra\u00e7o esquerdo, ap\u00f3s uma discuss\u00e3o, e desde o dia do crime v\u00e1rias equipes da PM realizavam opera\u00e7\u00e3o de buscas, com incurs\u00f5es em diversos locais, visando a captura dos suspeitos. Durante as investiga\u00e7\u00f5es os militares tamb\u00e9m contaram com informa\u00e7\u00f5es passadas atrav\u00e9s de den\u00fancias an\u00f4nimas.<\/p>\n<p>&nbsp;<\/p>\n<p>Fonte: R\u00e1dio Muria\u00e9<\/p>\n","protected":false},"excerpt":{"rendered":"<p>Ap\u00f3s cerca de 72 horas de buscas, a Pol\u00edcia Militar (PM) capturou, na manh\u00e3 deste s\u00e1bado, 18, no bairro S\u00e3o Joaquim, em Muria\u00e9, os dois irm\u00e3os, de 18 e 20 anos, acusados de tentar matar a tiros uma mulher de 40 anos, no Residencial Nova Muria\u00e9, no distrito de Vermelho, na \u00faltima quarta-feira, 15. Segundo [&hellip;]<\/p>\n","protected":false},"author":96,"featured_media":85546,"comment_status":"closed","ping_status":"closed","sticky":false,"template":"","format":"standard","meta":{"footnotes":""},"categories":[252],"tags":[],"class_list":["post-85547","post","type-post","status-publish","format-standard","has-post-thumbnail","hentry","category-regiao"],"_links":{"self":[{"href":"https:\/\/diarioregionaldigital.com.br\/index.php?rest_route=\/wp\/v2\/posts\/85547","targetHints":{"allow":["GET"]}}],"collection":[{"href":"https:\/\/diarioregionaldigital.com.br\/index.php?rest_route=\/wp\/v2\/posts"}],"about":[{"href":"https:\/\/diarioregionaldigital.com.br\/index.php?rest_route=\/wp\/v2\/types\/post"}],"author":[{"embeddable":true,"href":"https:\/\/diarioregionaldigital.com.br\/index.php?rest_route=\/wp\/v2\/users\/96"}],"replies":[{"embeddable":true,"href":"https:\/\/diarioregionaldigital.com.br\/index.php?rest_route=%2Fwp%2Fv2%2Fcomments&post=85547"}],"version-history":[{"count":0,"href":"https:\/\/diarioregionaldigital.com.br\/index.php?rest_route=\/wp\/v2\/posts\/85547\/revisions"}],"wp:featuredmedia":[{"embeddable":true,"href":"https:\/\/diarioregionaldigital.com.br\/index.php?rest_route=\/wp\/v2\/media\/85546"}],"wp:attachment":[{"href":"https:\/\/diarioregionaldigital.com.br\/index.php?rest_route=%2Fwp%2Fv2%2Fmedia&parent=85547"}],"wp:term":[{"taxonomy":"category","embeddable":true,"href":"https:\/\/diarioregionaldigital.com.br\/index.php?rest_route=%2Fwp%2Fv2%2Fcategories&post=85547"},{"taxonomy":"post_tag","embeddable":true,"href":"https:\/\/diarioregionaldigital.com.br\/index.php?rest_route=%2Fwp%2Fv2%2Ftags&post=85547"}],"curies":[{"name":"wp","href":"https:\/\/api.w.org\/{rel}","templated":true}]}}