{"id":85529,"date":"2017-11-17T23:05:15","date_gmt":"2017-11-18T01:05:15","guid":{"rendered":"http:\/\/diarioregionaljf.com.br\/2017\/11\/17\/quem-le-sabe-mais-9\/"},"modified":"2017-11-17T23:05:15","modified_gmt":"2017-11-18T01:05:15","slug":"quem-le-sabe-mais-9","status":"publish","type":"post","link":"https:\/\/diarioregionaldigital.com.br\/?p=85529","title":{"rendered":"Quem l\u00ea sabe mais"},"content":{"rendered":"<p>Rebeldes t\u00eam asas, de Rony Meisler, CEO do Grupo Reserva. O livro conta a hist\u00f3ria e a filosofia do Grupo Reserva. Em dez anos, Rony Meisler e seu amigo de inf\u00e2ncia e s\u00f3cio Fernando Sigal transformaram a vontade de produzir uma bermuda de praia em uma das mais prestigiadas marcas de moda do Brasil, a Reserva. Com mentalidade de startup de tecnologia, a Reserva \u201chackeou&#8221; e reinventou muitas das velhas pr\u00e1ticas do mercado de varejo de moda nacional.<\/p>\n","protected":false},"excerpt":{"rendered":"<p>Rebeldes t\u00eam asas, de Rony Meisler, CEO do Grupo Reserva. O livro conta a hist\u00f3ria e a filosofia do Grupo Reserva. Em dez anos, Rony Meisler e seu amigo de inf\u00e2ncia e s\u00f3cio Fernando Sigal transformaram a vontade de produzir uma bermuda de praia em uma das mais prestigiadas marcas de moda do Brasil, a [&hellip;]<\/p>\n","protected":false},"author":96,"featured_media":0,"comment_status":"closed","ping_status":"closed","sticky":false,"template":"","format":"standard","meta":{"footnotes":""},"categories":[285],"tags":[],"class_list":["post-85529","post","type-post","status-publish","format-standard","hentry","category-moda-ana-paula-calixto"],"_links":{"self":[{"href":"https:\/\/diarioregionaldigital.com.br\/index.php?rest_route=\/wp\/v2\/posts\/85529","targetHints":{"allow":["GET"]}}],"collection":[{"href":"https:\/\/diarioregionaldigital.com.br\/index.php?rest_route=\/wp\/v2\/posts"}],"about":[{"href":"https:\/\/diarioregionaldigital.com.br\/index.php?rest_route=\/wp\/v2\/types\/post"}],"author":[{"embeddable":true,"href":"https:\/\/diarioregionaldigital.com.br\/index.php?rest_route=\/wp\/v2\/users\/96"}],"replies":[{"embeddable":true,"href":"https:\/\/diarioregionaldigital.com.br\/index.php?rest_route=%2Fwp%2Fv2%2Fcomments&post=85529"}],"version-history":[{"count":0,"href":"https:\/\/diarioregionaldigital.com.br\/index.php?rest_route=\/wp\/v2\/posts\/85529\/revisions"}],"wp:attachment":[{"href":"https:\/\/diarioregionaldigital.com.br\/index.php?rest_route=%2Fwp%2Fv2%2Fmedia&parent=85529"}],"wp:term":[{"taxonomy":"category","embeddable":true,"href":"https:\/\/diarioregionaldigital.com.br\/index.php?rest_route=%2Fwp%2Fv2%2Fcategories&post=85529"},{"taxonomy":"post_tag","embeddable":true,"href":"https:\/\/diarioregionaldigital.com.br\/index.php?rest_route=%2Fwp%2Fv2%2Ftags&post=85529"}],"curies":[{"name":"wp","href":"https:\/\/api.w.org\/{rel}","templated":true}]}}