{"id":85528,"date":"2017-11-17T23:04:06","date_gmt":"2017-11-18T01:04:06","guid":{"rendered":"http:\/\/diarioregionaljf.com.br\/2017\/11\/17\/click-in-moda-42\/"},"modified":"2017-11-17T23:04:06","modified_gmt":"2017-11-18T01:04:06","slug":"click-in-moda-42","status":"publish","type":"post","link":"https:\/\/diarioregionaldigital.com.br\/?p=85528","title":{"rendered":"Click in Moda"},"content":{"rendered":"<p>O click de Jonas Dias para a deslumbrante Lorena Rodrigues, na despedida do seu reinado como Miss Minas Gerais. A bela passou a coroa na \u00faltima semana, mas continua uma rainha da beleza! Look Maison Ana Costa, acess\u00f3rios Priscilla Stiebler, beleza Claudia Lamas, produ\u00e7\u00e3o Diley Almeida.<\/p>\n","protected":false},"excerpt":{"rendered":"<p>O click de Jonas Dias para a deslumbrante Lorena Rodrigues, na despedida do seu reinado como Miss Minas Gerais. A bela passou a coroa na \u00faltima semana, mas continua uma rainha da beleza! Look Maison Ana Costa, acess\u00f3rios Priscilla Stiebler, beleza Claudia Lamas, produ\u00e7\u00e3o Diley Almeida.<\/p>\n","protected":false},"author":96,"featured_media":85527,"comment_status":"closed","ping_status":"closed","sticky":false,"template":"","format":"standard","meta":{"footnotes":""},"categories":[285],"tags":[],"class_list":["post-85528","post","type-post","status-publish","format-standard","has-post-thumbnail","hentry","category-moda-ana-paula-calixto"],"_links":{"self":[{"href":"https:\/\/diarioregionaldigital.com.br\/index.php?rest_route=\/wp\/v2\/posts\/85528","targetHints":{"allow":["GET"]}}],"collection":[{"href":"https:\/\/diarioregionaldigital.com.br\/index.php?rest_route=\/wp\/v2\/posts"}],"about":[{"href":"https:\/\/diarioregionaldigital.com.br\/index.php?rest_route=\/wp\/v2\/types\/post"}],"author":[{"embeddable":true,"href":"https:\/\/diarioregionaldigital.com.br\/index.php?rest_route=\/wp\/v2\/users\/96"}],"replies":[{"embeddable":true,"href":"https:\/\/diarioregionaldigital.com.br\/index.php?rest_route=%2Fwp%2Fv2%2Fcomments&post=85528"}],"version-history":[{"count":0,"href":"https:\/\/diarioregionaldigital.com.br\/index.php?rest_route=\/wp\/v2\/posts\/85528\/revisions"}],"wp:featuredmedia":[{"embeddable":true,"href":"https:\/\/diarioregionaldigital.com.br\/index.php?rest_route=\/wp\/v2\/media\/85527"}],"wp:attachment":[{"href":"https:\/\/diarioregionaldigital.com.br\/index.php?rest_route=%2Fwp%2Fv2%2Fmedia&parent=85528"}],"wp:term":[{"taxonomy":"category","embeddable":true,"href":"https:\/\/diarioregionaldigital.com.br\/index.php?rest_route=%2Fwp%2Fv2%2Fcategories&post=85528"},{"taxonomy":"post_tag","embeddable":true,"href":"https:\/\/diarioregionaldigital.com.br\/index.php?rest_route=%2Fwp%2Fv2%2Ftags&post=85528"}],"curies":[{"name":"wp","href":"https:\/\/api.w.org\/{rel}","templated":true}]}}