{"id":85524,"date":"2017-11-17T22:47:50","date_gmt":"2017-11-18T00:47:50","guid":{"rendered":"http:\/\/diarioregionaljf.com.br\/2017\/11\/17\/zagueiro-sidimar-esta-de-volta-ao-tupi-e-firma-acordo-ate-o-final-da-temporada-de-2018\/"},"modified":"2017-11-17T22:47:50","modified_gmt":"2017-11-18T00:47:50","slug":"zagueiro-sidimar-esta-de-volta-ao-tupi-e-firma-acordo-ate-o-final-da-temporada-de-2018","status":"publish","type":"post","link":"https:\/\/diarioregionaldigital.com.br\/?p=85524","title":{"rendered":"Zagueiro Sidimar est\u00e1 de volta ao Tupi e firma acordo at\u00e9 o final da temporada de 2018"},"content":{"rendered":"<p>Sidimar, que foi um dos titulares na campanha Carij\u00f3 na S\u00e9rie B, est\u00e1 de volta \u00e0 equipe. Recuperado de rompimento do ligamento cruzado anterior do joelho direito sofrido em abril do ano passado, o zagueiro se lesionou gravemente e n\u00e3o defendeu mais o Galo. A \u00faltima partida dele pelo Carij\u00f3 foi no dia 10 de abril de 2016, no empate em 1 a 1 diante da Caldense, pela \u00faltima rodada do Campeonato Mineiro.<\/p>\n<p>Ap\u00f3s mais de um m\u00eas de conversas, as partes chegaram a um acordo e o Carij\u00f3 oficializou o v\u00ednculo para a temporada 2018. O defensor deve se apresentar com parte do elenco no dia 1\u00ba de dezembro, quando come\u00e7am os treinamentos.<\/p>\n<p>O jogador chegou ao Carij\u00f3 em junho de 2015 para compor o elenco comandado pelo t\u00e9cnico Leston Junior. Com a sa\u00edda de Leandro Euz\u00e9bio, que ficou pouco mais de um m\u00eas em Santa Terezinha, o zagueiro ganhou espa\u00e7o, virou titular, fez um dos gols que levaram a equipe ao acesso no confronto diante do ASA e se tornou um dos principais personagens da ascens\u00e3o alvinegra \u00e0 S\u00e9rie B do Brasileiro.<\/p>\n<p><img loading=\"lazy\" decoding=\"async\" class=\" size-full wp-image-85523\" src=\"http:\/\/diarioregionaljf.com.br\/wp-content\/uploads\/2017\/11\/diario-int-21353-1.jpg\" alt=\"zagueiro tupi sidimar\" title=\"FOTO: Divulga\u00e7\u00e3o\/Rafael RP\" width=\"398\" height=\"450\" srcset=\"https:\/\/diarioregionaldigital.com.br\/wp-content\/uploads\/2017\/11\/diario-int-21353-1.jpg 398w, https:\/\/diarioregionaldigital.com.br\/wp-content\/uploads\/2017\/11\/diario-int-21353-1-265x300.jpg 265w, https:\/\/diarioregionaldigital.com.br\/wp-content\/uploads\/2017\/11\/diario-int-21353-1-360x407.jpg 360w\" sizes=\"auto, (max-width: 398px) 100vw, 398px\" \/><\/p>\n","protected":false},"excerpt":{"rendered":"<p>Sidimar, que foi um dos titulares na campanha Carij\u00f3 na S\u00e9rie B, est\u00e1 de volta \u00e0 equipe. Recuperado de rompimento do ligamento cruzado anterior do joelho direito sofrido em abril do ano passado, o zagueiro se lesionou gravemente e n\u00e3o defendeu mais o Galo. A \u00faltima partida dele pelo Carij\u00f3 foi no dia 10 de [&hellip;]<\/p>\n","protected":false},"author":96,"featured_media":85522,"comment_status":"closed","ping_status":"closed","sticky":false,"template":"","format":"standard","meta":{"footnotes":""},"categories":[257],"tags":[],"class_list":["post-85524","post","type-post","status-publish","format-standard","has-post-thumbnail","hentry","category-esporte"],"_links":{"self":[{"href":"https:\/\/diarioregionaldigital.com.br\/index.php?rest_route=\/wp\/v2\/posts\/85524","targetHints":{"allow":["GET"]}}],"collection":[{"href":"https:\/\/diarioregionaldigital.com.br\/index.php?rest_route=\/wp\/v2\/posts"}],"about":[{"href":"https:\/\/diarioregionaldigital.com.br\/index.php?rest_route=\/wp\/v2\/types\/post"}],"author":[{"embeddable":true,"href":"https:\/\/diarioregionaldigital.com.br\/index.php?rest_route=\/wp\/v2\/users\/96"}],"replies":[{"embeddable":true,"href":"https:\/\/diarioregionaldigital.com.br\/index.php?rest_route=%2Fwp%2Fv2%2Fcomments&post=85524"}],"version-history":[{"count":0,"href":"https:\/\/diarioregionaldigital.com.br\/index.php?rest_route=\/wp\/v2\/posts\/85524\/revisions"}],"wp:featuredmedia":[{"embeddable":true,"href":"https:\/\/diarioregionaldigital.com.br\/index.php?rest_route=\/wp\/v2\/media\/85522"}],"wp:attachment":[{"href":"https:\/\/diarioregionaldigital.com.br\/index.php?rest_route=%2Fwp%2Fv2%2Fmedia&parent=85524"}],"wp:term":[{"taxonomy":"category","embeddable":true,"href":"https:\/\/diarioregionaldigital.com.br\/index.php?rest_route=%2Fwp%2Fv2%2Fcategories&post=85524"},{"taxonomy":"post_tag","embeddable":true,"href":"https:\/\/diarioregionaldigital.com.br\/index.php?rest_route=%2Fwp%2Fv2%2Ftags&post=85524"}],"curies":[{"name":"wp","href":"https:\/\/api.w.org\/{rel}","templated":true}]}}