{"id":85521,"date":"2017-11-17T22:45:53","date_gmt":"2017-11-18T00:45:53","guid":{"rendered":"http:\/\/diarioregionaljf.com.br\/2017\/11\/17\/frigoarnaldo-e-america-mg-decidem-o-campeonato-mineiro-feminino-2017\/"},"modified":"2017-11-17T22:45:53","modified_gmt":"2017-11-18T00:45:53","slug":"frigoarnaldo-e-america-mg-decidem-o-campeonato-mineiro-feminino-2017","status":"publish","type":"post","link":"https:\/\/diarioregionaldigital.com.br\/?p=85521","title":{"rendered":"Frigoarnaldo e Am\u00e9rica &#8211; MG decidem o Campeonato Mineiro Feminino 2017"},"content":{"rendered":"<p>Neste domingo, 19, Frigoarnaldo e Am\u00e9rica &#8211; MG iniciam a batalha para definir o grande campe\u00e3o mineiro feminino de 2017. A bola rola a partir das 16h, na Arena Frigoarnaldo, em Contagem. As equipes chegam \u00e0 final\u00edssima do estadual ap\u00f3s vencerem as duas partidas das semifinais, n\u00e3o deixando d\u00favidas sobre o m\u00e9rito de decidirem a competi\u00e7\u00e3o.<\/p>\n<p>De um lado da disputa est\u00e1 o estreante Frigoarnaldo. Na primeira competi\u00e7\u00e3o feminina disputada pelo clube, a equipe conseguiu sua classifica\u00e7\u00e3o para a final ao eliminar o Ipatinga, campe\u00e3o de 2015, no \u00faltimo fim de semana. Foram duas vit\u00f3rias no confronto contra as Tigresas de A\u00e7o, a primeira em casa, por 3 a 2, e a segunda jogando no Ipating\u00e3o, por 3 a 1.<\/p>\n<p>Do outro lado do duelo est\u00e1 o Am\u00e9rica, atual campe\u00e3o, e que chega \u00e0 sua terceira final consecutiva. O Coelho \u00e9 o \u00fanico time invicto na competi\u00e7\u00e3o e mant\u00e9m incr\u00edveis 100% de aproveitamento. Na semifinal, o tricolor superou o Athletic, de S\u00e3o Jo\u00e3o del-Rei, ao vencer os dois jogos, por 2 a 1 e 5 a 0, respectivamente. <\/p>\n<p>Al\u00e9m disso, a equipe \u00e9 dona da melhor defesa, sofreu apenas dois gols nos seis jogos disputados, e tem a artilheira isolada da competi\u00e7\u00e3o, J\u00e9ssica Beiral, que j\u00e1 balan\u00e7ou as redes em seis oportunidades.<\/p>\n<p>O \u00faltimo e segundo confronto da final\u00edssima acontece na pr\u00f3xima semana, tamb\u00e9m no domingo (26\/11), \u00e0s 15h, no Balei\u00e3o. As entradas para ambos os jogos s\u00e3o gratuitas.<\/p>\n","protected":false},"excerpt":{"rendered":"<p>Neste domingo, 19, Frigoarnaldo e Am\u00e9rica &#8211; MG iniciam a batalha para definir o grande campe\u00e3o mineiro feminino de 2017. A bola rola a partir das 16h, na Arena Frigoarnaldo, em Contagem. As equipes chegam \u00e0 final\u00edssima do estadual ap\u00f3s vencerem as duas partidas das semifinais, n\u00e3o deixando d\u00favidas sobre o m\u00e9rito de decidirem a [&hellip;]<\/p>\n","protected":false},"author":96,"featured_media":85520,"comment_status":"closed","ping_status":"closed","sticky":false,"template":"","format":"standard","meta":{"footnotes":""},"categories":[257],"tags":[],"class_list":["post-85521","post","type-post","status-publish","format-standard","has-post-thumbnail","hentry","category-esporte"],"_links":{"self":[{"href":"https:\/\/diarioregionaldigital.com.br\/index.php?rest_route=\/wp\/v2\/posts\/85521","targetHints":{"allow":["GET"]}}],"collection":[{"href":"https:\/\/diarioregionaldigital.com.br\/index.php?rest_route=\/wp\/v2\/posts"}],"about":[{"href":"https:\/\/diarioregionaldigital.com.br\/index.php?rest_route=\/wp\/v2\/types\/post"}],"author":[{"embeddable":true,"href":"https:\/\/diarioregionaldigital.com.br\/index.php?rest_route=\/wp\/v2\/users\/96"}],"replies":[{"embeddable":true,"href":"https:\/\/diarioregionaldigital.com.br\/index.php?rest_route=%2Fwp%2Fv2%2Fcomments&post=85521"}],"version-history":[{"count":0,"href":"https:\/\/diarioregionaldigital.com.br\/index.php?rest_route=\/wp\/v2\/posts\/85521\/revisions"}],"wp:featuredmedia":[{"embeddable":true,"href":"https:\/\/diarioregionaldigital.com.br\/index.php?rest_route=\/wp\/v2\/media\/85520"}],"wp:attachment":[{"href":"https:\/\/diarioregionaldigital.com.br\/index.php?rest_route=%2Fwp%2Fv2%2Fmedia&parent=85521"}],"wp:term":[{"taxonomy":"category","embeddable":true,"href":"https:\/\/diarioregionaldigital.com.br\/index.php?rest_route=%2Fwp%2Fv2%2Fcategories&post=85521"},{"taxonomy":"post_tag","embeddable":true,"href":"https:\/\/diarioregionaldigital.com.br\/index.php?rest_route=%2Fwp%2Fv2%2Ftags&post=85521"}],"curies":[{"name":"wp","href":"https:\/\/api.w.org\/{rel}","templated":true}]}}