{"id":85519,"date":"2017-11-17T22:45:04","date_gmt":"2017-11-18T00:45:04","guid":{"rendered":"http:\/\/diarioregionaljf.com.br\/2017\/11\/17\/governo-federal-descontingencia-r-7-5-bilhoes-do-orcamento\/"},"modified":"2017-11-17T22:45:04","modified_gmt":"2017-11-18T00:45:04","slug":"governo-federal-descontingencia-r-7-5-bilhoes-do-orcamento","status":"publish","type":"post","link":"https:\/\/diarioregionaldigital.com.br\/?p=85519","title":{"rendered":"Governo federal descontingencia R$7,5 bilh\u00f5es do Or\u00e7amento"},"content":{"rendered":"<p>O ministro do Planejamento, Dyogo Oliveira, anunciou o descontingenciamento de R$7,5 bilh\u00f5es do Or\u00e7amento para minist\u00e9rios e \u00f3rg\u00e3os p\u00fablicos.&nbsp;A libera\u00e7\u00e3o dos recursos foi poss\u00edvel, porque houve um aumento das receitas e queda das despesas conforme o relat\u00f3rio do 5\u00ba bimestre deste ano, e a manuten\u00e7\u00e3o da meta de R$159 bilh\u00f5es de d\u00e9ficit.<\/p>\n<p>De acordo com o governo federal, a arrecada\u00e7\u00e3o foi incrementada, por exemplo, com R$2,7 bilh\u00f5es provenientes de precat\u00f3rios e R$2,6 bilh\u00f5es com concess\u00f5es de hidrel\u00e9tricas, petr\u00f3leo e g\u00e1s. No entanto, a proje\u00e7\u00e3o de receitas com o Pert, o novo Refis, caiu R$1,27 bilh\u00e3o.<\/p>\n<p>Em rela\u00e7\u00e3o \u00e0s despesas, algumas estimativas tamb\u00e9m apresentaram redu\u00e7\u00e3o, como os pagamentos de seguro-desemprego e abono salarial que passaram de R$60 bilh\u00f5es, no 4\u00ba bimestre, para R$57,8 bilh\u00f5es, no 5\u00ba bimestre, com queda de R$2,1 bilh\u00f5es. De acordo com o ministro, a queda \u00e9 resultado da retomada da economia e porque mais pessoas est\u00e3o conseguindo emprego.<\/p>\n<p>Os recursos provenientes do desbloqueio dever\u00e3o ser distribu\u00eddos nas pr\u00f3ximas semanas e servir\u00e3o para cobrir despesas e para o pagamento de obras em andamento. Dos R$7,5 bilh\u00f5es, R$7,4 bilh\u00f5es se destinam ao Poder Executivo, sendo R$593 milh\u00f5es para o pagamento de emendas parlamentares impositivas individuais e de bancadas e R$6,8 bilh\u00f5es para demais despesas de \u00f3rg\u00e3os. Outros R$94 milh\u00f5es ser\u00e3o destinados aos Poderes Legislativo, Judici\u00e1rio, Minist\u00e9rio P\u00fablico da Uni\u00e3o (MPU) e Defensoria P\u00fablica da Uni\u00e3o (DPU).<\/p>\n<p><strong>PIB e infla\u00e7\u00e3o<\/strong><\/p>\n<p>O ministro manteve a proje\u00e7\u00e3o do Produto Interno Bruto (PIB) de 0,5% este ano. Em rela\u00e7\u00e3o ao IPCA acumulado, a proje\u00e7\u00e3o caiu 3,5% para 3,2%. J\u00e1 a massa salarial no mesmo per\u00edodo subiu de 4,7% para 5,1% em fun\u00e7\u00e3o do aumento da popula\u00e7\u00e3o ocupada.<\/p>\n<hr \/>\n<p>&nbsp;Fonte: Ag\u00eancia Brasil&nbsp;<\/p>\n","protected":false},"excerpt":{"rendered":"<p>O ministro do Planejamento, Dyogo Oliveira, anunciou o descontingenciamento de R$7,5 bilh\u00f5es do Or\u00e7amento para minist\u00e9rios e \u00f3rg\u00e3os p\u00fablicos.&nbsp;A libera\u00e7\u00e3o dos recursos foi poss\u00edvel, porque houve um aumento das receitas e queda das despesas conforme o relat\u00f3rio do 5\u00ba bimestre deste ano, e a manuten\u00e7\u00e3o da meta de R$159 bilh\u00f5es de d\u00e9ficit. De acordo com [&hellip;]<\/p>\n","protected":false},"author":96,"featured_media":85518,"comment_status":"closed","ping_status":"closed","sticky":false,"template":"","format":"standard","meta":{"footnotes":""},"categories":[261],"tags":[],"class_list":["post-85519","post","type-post","status-publish","format-standard","has-post-thumbnail","hentry","category-economia"],"_links":{"self":[{"href":"https:\/\/diarioregionaldigital.com.br\/index.php?rest_route=\/wp\/v2\/posts\/85519","targetHints":{"allow":["GET"]}}],"collection":[{"href":"https:\/\/diarioregionaldigital.com.br\/index.php?rest_route=\/wp\/v2\/posts"}],"about":[{"href":"https:\/\/diarioregionaldigital.com.br\/index.php?rest_route=\/wp\/v2\/types\/post"}],"author":[{"embeddable":true,"href":"https:\/\/diarioregionaldigital.com.br\/index.php?rest_route=\/wp\/v2\/users\/96"}],"replies":[{"embeddable":true,"href":"https:\/\/diarioregionaldigital.com.br\/index.php?rest_route=%2Fwp%2Fv2%2Fcomments&post=85519"}],"version-history":[{"count":0,"href":"https:\/\/diarioregionaldigital.com.br\/index.php?rest_route=\/wp\/v2\/posts\/85519\/revisions"}],"wp:featuredmedia":[{"embeddable":true,"href":"https:\/\/diarioregionaldigital.com.br\/index.php?rest_route=\/wp\/v2\/media\/85518"}],"wp:attachment":[{"href":"https:\/\/diarioregionaldigital.com.br\/index.php?rest_route=%2Fwp%2Fv2%2Fmedia&parent=85519"}],"wp:term":[{"taxonomy":"category","embeddable":true,"href":"https:\/\/diarioregionaldigital.com.br\/index.php?rest_route=%2Fwp%2Fv2%2Fcategories&post=85519"},{"taxonomy":"post_tag","embeddable":true,"href":"https:\/\/diarioregionaldigital.com.br\/index.php?rest_route=%2Fwp%2Fv2%2Ftags&post=85519"}],"curies":[{"name":"wp","href":"https:\/\/api.w.org\/{rel}","templated":true}]}}