{"id":85438,"date":"2017-11-17T19:24:34","date_gmt":"2017-11-17T21:24:34","guid":{"rendered":"http:\/\/diarioregionaljf.com.br\/2017\/11\/17\/mrs-logistica-abre-inscricoes-para-programa-de-estagio\/"},"modified":"2017-11-17T19:24:34","modified_gmt":"2017-11-17T21:24:34","slug":"mrs-logistica-abre-inscricoes-para-programa-de-estagio","status":"publish","type":"post","link":"https:\/\/diarioregionaldigital.com.br\/?p=85438","title":{"rendered":"MRS Log\u00edstica abre inscri\u00e7\u00f5es para Programa de Est\u00e1gio"},"content":{"rendered":"<p>Est\u00e3o abertas as vagas para o Programa de Est\u00e1gio 2018\/2019 da MRS Log\u00edstica. As inscri\u00e7\u00f5es podem ser feitas at\u00e9 o dia 11 de dezembro de 2017 atrav\u00e9s deste<a href=\"http:\/\/www.gruposelpe.com.br\/mrs2018\/index.php\" target=\"_blank\" rel=\"noopener noreferrer\"> link<\/a>.<\/p>\n<p>O Programa de Est\u00e1gio tem dura\u00e7\u00e3o de at\u00e9 24 meses e contempla vagas nas diferentes \u00e1reas e localidades da empresa. Ao longo deste per\u00edodo, o estagi\u00e1rio participar\u00e1 de atividades e desafios do setor que for alocado e ser\u00e1 acompanhado por profissionais j\u00e1 estabelecidos no mercado, que estimular\u00e3o o crescimento e desenvolvimento do estagi\u00e1rio na empresa.<\/p>\n<p>O estagi\u00e1rio poder\u00e1 optar em conduzir um projeto aplicativo alinhado ao seu setor e forma\u00e7\u00e3o acad\u00eamica. Al\u00e9m disso, existe um processo de avalia\u00e7\u00e3o de desempenho semestral do estagi\u00e1rio dentro do programa.<\/p>\n<p>Ap\u00f3s a entrada no Programa de Est\u00e1gio, e a viv\u00eancia nas respectivas \u00e1reas, o estagi\u00e1rio poder\u00e1 se inscrever no Programa de Trainee MRS, que acontecer\u00e1 em julho de 2019 e \u00e9 destinado, exclusivamente, aos estagi\u00e1rios. O Programa de Estagio da MRS \u00e9 destinado a jovens profissionais que queiram vivenciar o dia a dia da sua profiss\u00e3o por meio de experi\u00eancias pr\u00e1ticas al\u00e9m de treinar os futuros Trainees da empresa.<\/p>\n<p>A empresa valoriza a inclus\u00e3o de profissionais com defici\u00eancia e entende que o Programa de Est\u00e1gio \u00e9 uma excelente oportunidade para a inser\u00e7\u00e3o desses profissionais no ambiente organizacional.<\/p>\n<p>&nbsp;<\/p>\n<p>Fonte: Assessoria<\/p>\n","protected":false},"excerpt":{"rendered":"<p>Est\u00e3o abertas as vagas para o Programa de Est\u00e1gio 2018\/2019 da MRS Log\u00edstica. As inscri\u00e7\u00f5es podem ser feitas at\u00e9 o dia 11 de dezembro de 2017 atrav\u00e9s deste link. O Programa de Est\u00e1gio tem dura\u00e7\u00e3o de at\u00e9 24 meses e contempla vagas nas diferentes \u00e1reas e localidades da empresa. Ao longo deste per\u00edodo, o estagi\u00e1rio [&hellip;]<\/p>\n","protected":false},"author":96,"featured_media":85437,"comment_status":"closed","ping_status":"closed","sticky":false,"template":"","format":"standard","meta":{"footnotes":""},"categories":[280],"tags":[],"class_list":["post-85438","post","type-post","status-publish","format-standard","has-post-thumbnail","hentry","category-concurso"],"_links":{"self":[{"href":"https:\/\/diarioregionaldigital.com.br\/index.php?rest_route=\/wp\/v2\/posts\/85438","targetHints":{"allow":["GET"]}}],"collection":[{"href":"https:\/\/diarioregionaldigital.com.br\/index.php?rest_route=\/wp\/v2\/posts"}],"about":[{"href":"https:\/\/diarioregionaldigital.com.br\/index.php?rest_route=\/wp\/v2\/types\/post"}],"author":[{"embeddable":true,"href":"https:\/\/diarioregionaldigital.com.br\/index.php?rest_route=\/wp\/v2\/users\/96"}],"replies":[{"embeddable":true,"href":"https:\/\/diarioregionaldigital.com.br\/index.php?rest_route=%2Fwp%2Fv2%2Fcomments&post=85438"}],"version-history":[{"count":0,"href":"https:\/\/diarioregionaldigital.com.br\/index.php?rest_route=\/wp\/v2\/posts\/85438\/revisions"}],"wp:featuredmedia":[{"embeddable":true,"href":"https:\/\/diarioregionaldigital.com.br\/index.php?rest_route=\/wp\/v2\/media\/85437"}],"wp:attachment":[{"href":"https:\/\/diarioregionaldigital.com.br\/index.php?rest_route=%2Fwp%2Fv2%2Fmedia&parent=85438"}],"wp:term":[{"taxonomy":"category","embeddable":true,"href":"https:\/\/diarioregionaldigital.com.br\/index.php?rest_route=%2Fwp%2Fv2%2Fcategories&post=85438"},{"taxonomy":"post_tag","embeddable":true,"href":"https:\/\/diarioregionaldigital.com.br\/index.php?rest_route=%2Fwp%2Fv2%2Ftags&post=85438"}],"curies":[{"name":"wp","href":"https:\/\/api.w.org\/{rel}","templated":true}]}}