{"id":85436,"date":"2017-11-17T19:14:58","date_gmt":"2017-11-17T21:14:58","guid":{"rendered":"http:\/\/diarioregionaljf.com.br\/2017\/11\/17\/homem-assassinado-no-sao-benedito-foi-confundido-por-autores\/"},"modified":"2017-11-17T19:14:58","modified_gmt":"2017-11-17T21:14:58","slug":"homem-assassinado-no-sao-benedito-foi-confundido-por-autores","status":"publish","type":"post","link":"https:\/\/diarioregionaldigital.com.br\/?p=85436","title":{"rendered":"Homem assassinado no S\u00e3o Benedito foi confundido por autores"},"content":{"rendered":"<p>Os dois jovens, 18 e 19 anos, suspeitos de terem <a href=\"policial\/21047-homem-e-morto-a-tiros-no-sao-benedito\" target=\"_blank\" rel=\"noopener noreferrer\">assassinado um homem de 29 anos no bairro S\u00e3o Benedito, zona Leste, no dia 7 de novembro<\/a>, prestaram depoimento na Delegacia Especializada de Homic\u00eddios (DEH) nessa sexta-feira, 17. \u201cO crime ocorreu em uma regi\u00e3o \u2018quente\u2019 do bairro, onde o tr\u00e1fico de drogas \u00e9 intenso. A v\u00edtima foi at\u00e9 l\u00e1 para arrumar o carro e ficou pela \u00e1rea aguardando\u201d, afirmou o inspetor Anderson Gibi.<\/p>\n<p>A v\u00edtima morava no bairro e n\u00e3o freq\u00fcentava a regi\u00e3o, por isso, n\u00e3o foi reconhecida pelos autores. \u201cDurante o depoimento, eles disseram que viram a v\u00edtima e acharam que ela seria de um bairro rival e que estaria ali para atac\u00e1-los. Como ele era trabalhador e n\u00e3o ficava naquela \u00e1rea, ele foi confundido\u201d, relatou o inspetor, ao descartar a hip\u00f3tese de que a morte teria sido motivada pelo tr\u00e1fico de drogas.<\/p>\n<p>\u201cEles colocaram a m\u00e3o na arma e a v\u00edtima assustou e correu. Foram atr\u00e1s dela e a atingiram nas costas. Ele iria casar dois dias depois\u201d, falou Gibi.<\/p>\n","protected":false},"excerpt":{"rendered":"<p>Os dois jovens, 18 e 19 anos, suspeitos de terem assassinado um homem de 29 anos no bairro S\u00e3o Benedito, zona Leste, no dia 7 de novembro, prestaram depoimento na Delegacia Especializada de Homic\u00eddios (DEH) nessa sexta-feira, 17. \u201cO crime ocorreu em uma regi\u00e3o \u2018quente\u2019 do bairro, onde o tr\u00e1fico de drogas \u00e9 intenso. A [&hellip;]<\/p>\n","protected":false},"author":96,"featured_media":85435,"comment_status":"closed","ping_status":"closed","sticky":false,"template":"","format":"standard","meta":{"footnotes":""},"categories":[253],"tags":[],"class_list":["post-85436","post","type-post","status-publish","format-standard","has-post-thumbnail","hentry","category-cidade"],"_links":{"self":[{"href":"https:\/\/diarioregionaldigital.com.br\/index.php?rest_route=\/wp\/v2\/posts\/85436","targetHints":{"allow":["GET"]}}],"collection":[{"href":"https:\/\/diarioregionaldigital.com.br\/index.php?rest_route=\/wp\/v2\/posts"}],"about":[{"href":"https:\/\/diarioregionaldigital.com.br\/index.php?rest_route=\/wp\/v2\/types\/post"}],"author":[{"embeddable":true,"href":"https:\/\/diarioregionaldigital.com.br\/index.php?rest_route=\/wp\/v2\/users\/96"}],"replies":[{"embeddable":true,"href":"https:\/\/diarioregionaldigital.com.br\/index.php?rest_route=%2Fwp%2Fv2%2Fcomments&post=85436"}],"version-history":[{"count":0,"href":"https:\/\/diarioregionaldigital.com.br\/index.php?rest_route=\/wp\/v2\/posts\/85436\/revisions"}],"wp:featuredmedia":[{"embeddable":true,"href":"https:\/\/diarioregionaldigital.com.br\/index.php?rest_route=\/wp\/v2\/media\/85435"}],"wp:attachment":[{"href":"https:\/\/diarioregionaldigital.com.br\/index.php?rest_route=%2Fwp%2Fv2%2Fmedia&parent=85436"}],"wp:term":[{"taxonomy":"category","embeddable":true,"href":"https:\/\/diarioregionaldigital.com.br\/index.php?rest_route=%2Fwp%2Fv2%2Fcategories&post=85436"},{"taxonomy":"post_tag","embeddable":true,"href":"https:\/\/diarioregionaldigital.com.br\/index.php?rest_route=%2Fwp%2Fv2%2Ftags&post=85436"}],"curies":[{"name":"wp","href":"https:\/\/api.w.org\/{rel}","templated":true}]}}