{"id":85432,"date":"2017-11-17T18:57:37","date_gmt":"2017-11-17T20:57:37","guid":{"rendered":"http:\/\/diarioregionaljf.com.br\/2017\/11\/17\/pjf-e-doutores-do-amor-promovem-caminhada-para-lembrar-o-novembro-azul\/"},"modified":"2017-11-17T18:57:37","modified_gmt":"2017-11-17T20:57:37","slug":"pjf-e-doutores-do-amor-promovem-caminhada-para-lembrar-o-novembro-azul","status":"publish","type":"post","link":"https:\/\/diarioregionaldigital.com.br\/?p=85432","title":{"rendered":"PJF e \u201cDoutores do Amor\u201d promovem caminhada para lembrar o \u201cNovembro Azul\u201d"},"content":{"rendered":"<p>A Associa\u00e7\u00e3o \u201cDoutores do Amor\u201d, em parceria com a Secretaria de Sa\u00fade (SS) da Prefeitura de Juiz de Fora (PJF), realizar\u00e1 neste s\u00e1bado, 18, a partir das 10h, uma \u201cCaminhada de Conscientiza\u00e7\u00e3o Contra o C\u00e2ncer de Pr\u00f3stata\u201d, para lembrar a campanha \u201cNovembro Azul\u201d.<\/p>\n<p>O objetivo da caminhada \u00e9 reunir o maior n\u00famero de pessoas e chamar aten\u00e7\u00e3o para a preven\u00e7\u00e3o e a realiza\u00e7\u00e3o do exame. A atividade est\u00e1 marcada para sair do Parque Halfeld, em frente \u00e0 C\u00e2mara Municipal, e descer a Rua Halfeld, com previs\u00e3o de subir a Rua S\u00e3o Jo\u00e3o ou a Marechal Deodoro. A a\u00e7\u00e3o ser\u00e1 aberta ao p\u00fablico e n\u00e3o \u00e9 necess\u00e1rio realizar inscri\u00e7\u00e3o.<\/p>\n<p><strong>A doen\u00e7a<\/strong><\/p>\n<p>O c\u00e2ncer de pr\u00f3stata \u00e9 o sexto tipo mais comum da doen\u00e7a no mundo e no Brasil. \u00c9 um dos grandes problemas de sa\u00fade p\u00fablica da atualidade, acometendo, em m\u00e9dia, um em cada seis homens. Tem consequ\u00eancias que refletem diretamente no cotidiano da vida, ambiente familiar e na comunidade, causando imenso impacto psicossocial.<\/p>\n<hr \/>\n<p>&nbsp;Fonte: Assessoria<\/p>\n","protected":false},"excerpt":{"rendered":"<p>A Associa\u00e7\u00e3o \u201cDoutores do Amor\u201d, em parceria com a Secretaria de Sa\u00fade (SS) da Prefeitura de Juiz de Fora (PJF), realizar\u00e1 neste s\u00e1bado, 18, a partir das 10h, uma \u201cCaminhada de Conscientiza\u00e7\u00e3o Contra o C\u00e2ncer de Pr\u00f3stata\u201d, para lembrar a campanha \u201cNovembro Azul\u201d. O objetivo da caminhada \u00e9 reunir o maior n\u00famero de pessoas e [&hellip;]<\/p>\n","protected":false},"author":96,"featured_media":85431,"comment_status":"closed","ping_status":"closed","sticky":false,"template":"","format":"standard","meta":{"footnotes":""},"categories":[253],"tags":[],"class_list":["post-85432","post","type-post","status-publish","format-standard","has-post-thumbnail","hentry","category-cidade"],"_links":{"self":[{"href":"https:\/\/diarioregionaldigital.com.br\/index.php?rest_route=\/wp\/v2\/posts\/85432","targetHints":{"allow":["GET"]}}],"collection":[{"href":"https:\/\/diarioregionaldigital.com.br\/index.php?rest_route=\/wp\/v2\/posts"}],"about":[{"href":"https:\/\/diarioregionaldigital.com.br\/index.php?rest_route=\/wp\/v2\/types\/post"}],"author":[{"embeddable":true,"href":"https:\/\/diarioregionaldigital.com.br\/index.php?rest_route=\/wp\/v2\/users\/96"}],"replies":[{"embeddable":true,"href":"https:\/\/diarioregionaldigital.com.br\/index.php?rest_route=%2Fwp%2Fv2%2Fcomments&post=85432"}],"version-history":[{"count":0,"href":"https:\/\/diarioregionaldigital.com.br\/index.php?rest_route=\/wp\/v2\/posts\/85432\/revisions"}],"wp:featuredmedia":[{"embeddable":true,"href":"https:\/\/diarioregionaldigital.com.br\/index.php?rest_route=\/wp\/v2\/media\/85431"}],"wp:attachment":[{"href":"https:\/\/diarioregionaldigital.com.br\/index.php?rest_route=%2Fwp%2Fv2%2Fmedia&parent=85432"}],"wp:term":[{"taxonomy":"category","embeddable":true,"href":"https:\/\/diarioregionaldigital.com.br\/index.php?rest_route=%2Fwp%2Fv2%2Fcategories&post=85432"},{"taxonomy":"post_tag","embeddable":true,"href":"https:\/\/diarioregionaldigital.com.br\/index.php?rest_route=%2Fwp%2Fv2%2Ftags&post=85432"}],"curies":[{"name":"wp","href":"https:\/\/api.w.org\/{rel}","templated":true}]}}