{"id":85430,"date":"2017-11-17T18:53:57","date_gmt":"2017-11-17T20:53:57","guid":{"rendered":"http:\/\/diarioregionaljf.com.br\/2017\/11\/17\/o-que-mudou\/"},"modified":"2017-11-17T18:53:57","modified_gmt":"2017-11-17T20:53:57","slug":"o-que-mudou","status":"publish","type":"post","link":"https:\/\/diarioregionaldigital.com.br\/?p=85430","title":{"rendered":"O que mudou?"},"content":{"rendered":"<p>Temos observado nos di\u00e1logos com pessoas das mais diversas \u00e1reas de atua\u00e7\u00e3o e notamos que a preocupa\u00e7\u00e3o maior \u00e9 com o tempo. Pois umas dizem o tempo passa r\u00e1pido demais, outras: &#8211; veja j\u00e1 estamos em novembro&#8230; como o ano passou depressa, nossa o tempo esta voando, e outras express\u00f5es ligadas ao tempo que segundo elas, est\u00e1 passando depressa.<\/p>\n<p>Analisando esta vis\u00e3o, temos que verificar o seguinte: o minuto continua com 60 segundos; a hora continua com 60 minutos e o dia com 24 horas, ora isto n\u00e3o \u00e9 novidade, mas um fato, n\u00e3o \u00e9 o tempo que passa depressa e sim s\u00e3o as mudan\u00e7as que est\u00e3o ocorrendo com rapidez.<\/p>\n<p>Vejamos um exemplo o aparelho celular, como era h\u00e1 10, 12 anos atr\u00e1s e hoje? Cabe na m\u00e3o e se comunica com o mundo inteiro. Estamos vivendo a era da tecnologia e \u00e9 importante us\u00e1-la. Agora \u00e9 preciso planejar e us\u00e1-la principalmente nos condom\u00ednios.<\/p>\n<p>Um exemplo \u00e9 o uso da tecnologia nas assembleias, pois o uso do audiovisual n\u00e3o substitui a apresenta\u00e7\u00e3o de or\u00e7amentos de obras ou de outros servi\u00e7os, onde os cond\u00f4minos ter\u00e3o a oportunidade de manusear os or\u00e7amentos podendo verificar a veracidade e realidade de que \u00e9 o pretendente e prestador de servi\u00e7os, como seus pre\u00e7os, seus endere\u00e7os e outros detalhes que julgar necess\u00e1rios. A isso n\u00f3s chamamos de transpar\u00eancia e \u00e9tica. Al\u00e9m do que a comunidade condominial possui pessoas diferentes, com condi\u00e7\u00f5es diferentes e que n\u00e3o tem habilidades de acessar computadores para informar que pelas leis tem o direito de serem informadas e consequentemente pagam para terem essas informa\u00e7\u00f5es, pois, a constitui\u00e7\u00e3o federal diz: \u201cque todos s\u00e3o iguais perante a lei\u201d.<\/p>\n<p>Em nosso artigo anterior vimos que a comunidade condominial tamb\u00e9m \u00e9 uma sociedade assunto que iremos abordar nos pr\u00f3ximos artigos. O s\u00edndico o que \u00e9 gestor do condom\u00ednio tem que ser um gestor de neg\u00f3cios para que saiba lidar com dinheiro dos demais cond\u00f4minos e dos moradores. Porque al\u00e9m de resultados positivos, precisa estar voltado para o seus parceiros internos, conhecer suas necessidades e buscar atender de forma eficiente, e com \u00e9tica humana. Lembrando que uma gest\u00e3o planejada \u00e9 preciso ser planejada para as pessoas que moram no pr\u00e9dio. Pois a nova vis\u00e3o de mundo integrada superando a vis\u00e3o mecanicista e fragmentada. Da\u00ed o princ\u00edpio da interdepend\u00eancia, onde todos os membros de uma comunidade est\u00e3o ligados por uma rede de rela\u00e7\u00f5es que acontece de maneira natural, interdependente da vontade de cada um. Por tanto conclu\u00edmos que a chave da vida coletiva do condom\u00ednio chama-se \u201crespeito\u201d. E fazendo uma analogia com a natureza, onde cada elemento vivo, para continuar existindo, depende da a\u00e7\u00e3o do outro. Compreender a interdepend\u00eancia significa compreender as rela\u00e7\u00f5es. De maneira simples, nutrir uma sociedade \u00e9 cuidar das rela\u00e7\u00f5es.<\/p>\n<p>Vamos refor\u00e7ar nossa vis\u00e3o usando as palavras de Dom Walmor de Oliveira Azevedo, Arcebispo metropolitano de Belo Horizonte (MG): \u201cA condi\u00e7\u00e3o cidad\u00e3 \u00e9 um direito inalien\u00e1vel de todo homem e de toda mulher. Sua justificativa se enra\u00edza na dignidade sacrossanta de cada pessoa independente da ra\u00e7a da l\u00edngua e de qualquer outro fator. Esse princ\u00edpio clama pelo direito de usufruto de todos os bens da cria\u00e7\u00e3o de forma igualit\u00e1ria por todos e garante a viv\u00eancia resguardada por direitos e deveres constitu\u00eddos da cidadania\u201d. Da\u00ed Administrar um condom\u00ednio apenas com uma vis\u00e3o restrita ao individualismo ou de pequenos grupos \u00e9 preciso ter a sensibilidade de entender que as pessoas s\u00e3o diferentes e tem expectativas e necessidades diferentes.<\/p>\n<p>Estamos vivendo n\u00e3o s\u00f3 no Brasil, mas, tamb\u00e9m na grande maioria dos pa\u00edses, a viol\u00eancia e a corrup\u00e7\u00e3o. Mas precisamos ter esperan\u00e7a que vislumbre a possibilidade real de que as pessoas e o mundo possam ser decididamente e principalmente nas comunidades condominiais, interpenetradas pela \u00e9tica. \u00c9tica a qual se far\u00e1 a diferen\u00e7a do mundo e ao redor delas criar\u00e3o movimentos contagiantes, como as ondas e circulo que se formam e se abrem quando algo toca a \u00e1gua de um grande lago, movimentando-o por inteiro.<\/p>\n<p>At\u00e9 o pr\u00f3ximo ou at\u00e9 o dia 25\/11\/17 no 8\u00ba Dia do S\u00edndico.<\/p>\n<p>&nbsp;<\/p>\n<p style=\"text-align: center;\"><strong>Tirando todas as d\u00favidas<\/strong><\/p>\n<p style=\"text-align: center;\">Email: <a href=\"mailto:tirandotodasduvidas@gmail.com\">tirandotodasduvidas@gmail.com<\/a><\/p>\n<p style=\"text-align: center;\">Respondido por: Fl\u00e1vio Almeida Chaves Pereira \u2013 Consultor Condominial<\/p>\n<p style=\"text-align: center;\"><strong>Mauricio de Oliveira:<\/strong> Nosso pr\u00e9dio tem oito apartamentos, cada um representando 1\/8 do terreno, na escritura. Queremos fazer a primeira conven\u00e7\u00e3o e cinco concordam. O n\u00famero de cinco j\u00e1 \u00e9 suficiente?<\/p>\n<p style=\"text-align: center;\"><strong>Resposta<\/strong>: Realmente, ser\u00e1 necess\u00e1ria a assinatura de pelo menos seis propriet\u00e1rios, para que esteja atendido e m\u00ednimo previsto no art. 9\u00ba par\u00e1grafo 2\u00ba da lei 4.591\/64, repetido pelo art.1.333 ou C\u00f3digo Civil de 2002. Por se tratar de norma expressa de forma clara, n\u00e3o existe outro meio de se obter conven\u00e7\u00e3o sem a assinatura de m\u00ednimo legal.<\/p>\n<p style=\"text-align: center;\"><strong>Isabela Alves<\/strong>: O s\u00edndico pode decidir junto com conselho sobre obras? Existe lei que regule o assunto?<\/p>\n<p style=\"text-align: center;\"><strong>Resposta<\/strong>: O novo C\u00f3digo Civil disciplina de forma clara como o condom\u00ednio deve proceder quando necessita fazer uma obra. Para tanto, classifica as obras em graves de import\u00e2ncia e interesse. Outro fato importante e que prev\u00ea a execu\u00e7\u00e3o da obra quando houver in\u00e9rcia do s\u00edndico, art. 1.331(CC).<\/p>\n","protected":false},"excerpt":{"rendered":"<p>Temos observado nos di\u00e1logos com pessoas das mais diversas \u00e1reas de atua\u00e7\u00e3o e notamos que a preocupa\u00e7\u00e3o maior \u00e9 com o tempo. Pois umas dizem o tempo passa r\u00e1pido demais, outras: &#8211; veja j\u00e1 estamos em novembro&#8230; como o ano passou depressa, nossa o tempo esta voando, e outras express\u00f5es ligadas ao tempo que segundo [&hellip;]<\/p>\n","protected":false},"author":96,"featured_media":0,"comment_status":"closed","ping_status":"closed","sticky":false,"template":"","format":"standard","meta":{"footnotes":""},"categories":[297],"tags":[],"class_list":["post-85430","post","type-post","status-publish","format-standard","hentry","category-jose-maria-braz-pereira"],"_links":{"self":[{"href":"https:\/\/diarioregionaldigital.com.br\/index.php?rest_route=\/wp\/v2\/posts\/85430","targetHints":{"allow":["GET"]}}],"collection":[{"href":"https:\/\/diarioregionaldigital.com.br\/index.php?rest_route=\/wp\/v2\/posts"}],"about":[{"href":"https:\/\/diarioregionaldigital.com.br\/index.php?rest_route=\/wp\/v2\/types\/post"}],"author":[{"embeddable":true,"href":"https:\/\/diarioregionaldigital.com.br\/index.php?rest_route=\/wp\/v2\/users\/96"}],"replies":[{"embeddable":true,"href":"https:\/\/diarioregionaldigital.com.br\/index.php?rest_route=%2Fwp%2Fv2%2Fcomments&post=85430"}],"version-history":[{"count":0,"href":"https:\/\/diarioregionaldigital.com.br\/index.php?rest_route=\/wp\/v2\/posts\/85430\/revisions"}],"wp:attachment":[{"href":"https:\/\/diarioregionaldigital.com.br\/index.php?rest_route=%2Fwp%2Fv2%2Fmedia&parent=85430"}],"wp:term":[{"taxonomy":"category","embeddable":true,"href":"https:\/\/diarioregionaldigital.com.br\/index.php?rest_route=%2Fwp%2Fv2%2Fcategories&post=85430"},{"taxonomy":"post_tag","embeddable":true,"href":"https:\/\/diarioregionaldigital.com.br\/index.php?rest_route=%2Fwp%2Fv2%2Ftags&post=85430"}],"curies":[{"name":"wp","href":"https:\/\/api.w.org\/{rel}","templated":true}]}}