{"id":85410,"date":"2017-11-17T13:35:30","date_gmt":"2017-11-17T15:35:30","guid":{"rendered":"http:\/\/diarioregionaljf.com.br\/2017\/11\/17\/policia-civil-cumpre-mandados-no-residencial-araucarias\/"},"modified":"2017-11-17T13:35:30","modified_gmt":"2017-11-17T15:35:30","slug":"policia-civil-cumpre-mandados-no-residencial-araucarias","status":"publish","type":"post","link":"https:\/\/diarioregionaldigital.com.br\/?p=85410","title":{"rendered":"Pol\u00edcia Civil cumpre mandados no residencial Arauc\u00e1rias"},"content":{"rendered":"<p>Cinco homens foram presos, na manh\u00e3 desta sexta-feira, 17), em Juiz de Fora, durante a\u00e7\u00e3o realizada pela Pol\u00edcia Civil de Minas Gerais (PCMG), por meio da for\u00e7a-tarefa \u201cProteJ\u00c1\u201d. A a\u00e7\u00e3o foi realizada no residencial Jardim das Arauc\u00e1rias, no Sagrado Cora\u00e7\u00e3o de Jesus, regi\u00e3o sul da cidade e contou com a participa\u00e7\u00e3o de 30 policiais civis e 10 viaturas.<\/p>\n<p>Os policiais civis apreenderam em poder dos suspeitos, por\u00e7\u00f5es de drogas e equipamentos eletr\u00f4nicos. Segundo a Delegada Sheila Oliveira, respons\u00e1vel pela opera\u00e7\u00e3o, essa foi a primeira a\u00e7\u00e3o da for\u00e7a-tarefa criada para combater crimes nos residenciais do Minha Casa, Minha Vida, Faixa 1. Sheila Oliveira destacou, ainda, que \u201ca opera\u00e7\u00e3o de hoje s\u00f3 foi poss\u00edvel gra\u00e7as \u00e0s den\u00fancias recebidas por meio do 197, que funciona exclusivamente para o recebimento dessas informa\u00e7\u00f5es\u201d.<\/p>\n<p>A Delegada fez quest\u00e3o de enfatizar que a for\u00e7a-tarefa segue fazendo levantamentos e investigando as informa\u00e7\u00f5es que s\u00e3o recebidas diariamente, lembrando que as den\u00fancias s\u00e3o an\u00f4nimas e as chamadas podem ser realizadas de segunda a sexta-feira, das 9h \u00e0s 12h, e das 14 \u00e0s 18h.<\/p>\n<p><img loading=\"lazy\" decoding=\"async\" class=\" size-full wp-image-85409\" src=\"http:\/\/diarioregionaljf.com.br\/wp-content\/uploads\/2017\/11\/diario-int-21312-1.jpeg\" alt=\"pcaraucarias\" width=\"442\" height=\"294\" srcset=\"https:\/\/diarioregionaldigital.com.br\/wp-content\/uploads\/2017\/11\/diario-int-21312-1.jpeg 1280w, https:\/\/diarioregionaldigital.com.br\/wp-content\/uploads\/2017\/11\/diario-int-21312-1-300x200.jpeg 300w, https:\/\/diarioregionaldigital.com.br\/wp-content\/uploads\/2017\/11\/diario-int-21312-1-768x512.jpeg 768w, https:\/\/diarioregionaldigital.com.br\/wp-content\/uploads\/2017\/11\/diario-int-21312-1-1024x682.jpeg 1024w, https:\/\/diarioregionaldigital.com.br\/wp-content\/uploads\/2017\/11\/diario-int-21312-1-360x240.jpeg 360w\" sizes=\"auto, (max-width: 442px) 100vw, 442px\" \/><\/p>\n<p>Fonte: Assessoria \/ Pol\u00edcia Civil<\/p>\n","protected":false},"excerpt":{"rendered":"<p>Cinco homens foram presos, na manh\u00e3 desta sexta-feira, 17), em Juiz de Fora, durante a\u00e7\u00e3o realizada pela Pol\u00edcia Civil de Minas Gerais (PCMG), por meio da for\u00e7a-tarefa \u201cProteJ\u00c1\u201d. A a\u00e7\u00e3o foi realizada no residencial Jardim das Arauc\u00e1rias, no Sagrado Cora\u00e7\u00e3o de Jesus, regi\u00e3o sul da cidade e contou com a participa\u00e7\u00e3o de 30 policiais civis [&hellip;]<\/p>\n","protected":false},"author":96,"featured_media":85408,"comment_status":"closed","ping_status":"closed","sticky":false,"template":"","format":"standard","meta":{"footnotes":""},"categories":[301],"tags":[],"class_list":["post-85410","post","type-post","status-publish","format-standard","has-post-thumbnail","hentry","category-artigos-policiais"],"_links":{"self":[{"href":"https:\/\/diarioregionaldigital.com.br\/index.php?rest_route=\/wp\/v2\/posts\/85410","targetHints":{"allow":["GET"]}}],"collection":[{"href":"https:\/\/diarioregionaldigital.com.br\/index.php?rest_route=\/wp\/v2\/posts"}],"about":[{"href":"https:\/\/diarioregionaldigital.com.br\/index.php?rest_route=\/wp\/v2\/types\/post"}],"author":[{"embeddable":true,"href":"https:\/\/diarioregionaldigital.com.br\/index.php?rest_route=\/wp\/v2\/users\/96"}],"replies":[{"embeddable":true,"href":"https:\/\/diarioregionaldigital.com.br\/index.php?rest_route=%2Fwp%2Fv2%2Fcomments&post=85410"}],"version-history":[{"count":0,"href":"https:\/\/diarioregionaldigital.com.br\/index.php?rest_route=\/wp\/v2\/posts\/85410\/revisions"}],"wp:featuredmedia":[{"embeddable":true,"href":"https:\/\/diarioregionaldigital.com.br\/index.php?rest_route=\/wp\/v2\/media\/85408"}],"wp:attachment":[{"href":"https:\/\/diarioregionaldigital.com.br\/index.php?rest_route=%2Fwp%2Fv2%2Fmedia&parent=85410"}],"wp:term":[{"taxonomy":"category","embeddable":true,"href":"https:\/\/diarioregionaldigital.com.br\/index.php?rest_route=%2Fwp%2Fv2%2Fcategories&post=85410"},{"taxonomy":"post_tag","embeddable":true,"href":"https:\/\/diarioregionaldigital.com.br\/index.php?rest_route=%2Fwp%2Fv2%2Ftags&post=85410"}],"curies":[{"name":"wp","href":"https:\/\/api.w.org\/{rel}","templated":true}]}}