{"id":85407,"date":"2017-11-17T13:20:46","date_gmt":"2017-11-17T15:20:46","guid":{"rendered":"http:\/\/diarioregionaljf.com.br\/2017\/11\/17\/pm-apreende-cocaina-e-prende-dois-jovens-por-trafico-no-bairro-santa-cruz\/"},"modified":"2017-11-17T13:20:46","modified_gmt":"2017-11-17T15:20:46","slug":"pm-apreende-cocaina-e-prende-dois-jovens-por-trafico-no-bairro-santa-cruz","status":"publish","type":"post","link":"https:\/\/diarioregionaldigital.com.br\/?p=85407","title":{"rendered":"PM apreende coca\u00edna e prende dois jovens por tr\u00e1fico no bairro Santa Cruz"},"content":{"rendered":"<p>A Policia Militar (PM) prendeu no in\u00edcio da noite desta quinta-feira, 16, dois jovens de 21 e 25 anos por crime de tr\u00e1fico de drogas no bairro Santa Cruz, localizado na zona Norte de Juiz de Fora.<\/p>\n<p>Segundo informa\u00e7\u00f5es presentes no registro de ocorr\u00eancias, uma guarni\u00e7\u00e3o da PM recebeu informa\u00e7\u00f5es de que dois indiv\u00edduos estariam realizando tr\u00e1fico de drogas na regi\u00e3o do bairro. Com as caracter\u00edsticas repassadas, o patrulhamento no local foi intensificado e, assim, os dois jovens foram localizados na condu\u00e7\u00e3o de uma motocicleta na Avenida Doutor Sime\u00e3o Faria.<\/p>\n<p>Durante a abordagem os policiais encontraram quantidade consider\u00e1vel de maconha e dinheiro no bolso de um dos autores. Ambos receberam voz de pris\u00e3o em flagrante e foi constatado que um deles j\u00e1 possu\u00eda passagem pela pol\u00edcia e que outro j\u00e1 era conhecido do meio pela pr\u00e1tica de tr\u00e1fico de drogas no bairro Bairu.<\/p>\n<p>Ao serem questionados de onde estavam vindo, os autores informaram a PM que encontravam-se na resid\u00eancia das namoradas, que residem juntas e s\u00e3o irm\u00e3s. A guarni\u00e7\u00e3o ent\u00e3o solicitou o endere\u00e7o do local e se deslocou at\u00e9 o mesmo para averigua\u00e7\u00e3o.<\/p>\n<p>Chegando ao local, foi solicitada a autoriza\u00e7\u00e3o para entrada e ap\u00f3s buscas, foram localizados grande quantidade de coca\u00edna distribu\u00edda por diversos pontos da resid\u00eancia, como, por exemplo, sacolas pl\u00e1sticas, dentro de uma panela e em meio a pertences dentro de um guarda-roupas.<\/p>\n<p>Em contato com uma testemunha, a mesma confirmou a PM que os autores encontravam-se na resid\u00eancia.<\/p>\n<p>Mediante os fatos, a moto foi apreendida e removida at\u00e9 ao p\u00e1tio do Auto Socorro Itajuru.<\/p>\n<p>Os dois autores foram encaminhados para a delegacia.<\/p>\n","protected":false},"excerpt":{"rendered":"<p>A Policia Militar (PM) prendeu no in\u00edcio da noite desta quinta-feira, 16, dois jovens de 21 e 25 anos por crime de tr\u00e1fico de drogas no bairro Santa Cruz, localizado na zona Norte de Juiz de Fora. Segundo informa\u00e7\u00f5es presentes no registro de ocorr\u00eancias, uma guarni\u00e7\u00e3o da PM recebeu informa\u00e7\u00f5es de que dois indiv\u00edduos estariam [&hellip;]<\/p>\n","protected":false},"author":96,"featured_media":85406,"comment_status":"closed","ping_status":"closed","sticky":false,"template":"","format":"standard","meta":{"footnotes":""},"categories":[301],"tags":[],"class_list":["post-85407","post","type-post","status-publish","format-standard","has-post-thumbnail","hentry","category-artigos-policiais"],"_links":{"self":[{"href":"https:\/\/diarioregionaldigital.com.br\/index.php?rest_route=\/wp\/v2\/posts\/85407","targetHints":{"allow":["GET"]}}],"collection":[{"href":"https:\/\/diarioregionaldigital.com.br\/index.php?rest_route=\/wp\/v2\/posts"}],"about":[{"href":"https:\/\/diarioregionaldigital.com.br\/index.php?rest_route=\/wp\/v2\/types\/post"}],"author":[{"embeddable":true,"href":"https:\/\/diarioregionaldigital.com.br\/index.php?rest_route=\/wp\/v2\/users\/96"}],"replies":[{"embeddable":true,"href":"https:\/\/diarioregionaldigital.com.br\/index.php?rest_route=%2Fwp%2Fv2%2Fcomments&post=85407"}],"version-history":[{"count":0,"href":"https:\/\/diarioregionaldigital.com.br\/index.php?rest_route=\/wp\/v2\/posts\/85407\/revisions"}],"wp:featuredmedia":[{"embeddable":true,"href":"https:\/\/diarioregionaldigital.com.br\/index.php?rest_route=\/wp\/v2\/media\/85406"}],"wp:attachment":[{"href":"https:\/\/diarioregionaldigital.com.br\/index.php?rest_route=%2Fwp%2Fv2%2Fmedia&parent=85407"}],"wp:term":[{"taxonomy":"category","embeddable":true,"href":"https:\/\/diarioregionaldigital.com.br\/index.php?rest_route=%2Fwp%2Fv2%2Fcategories&post=85407"},{"taxonomy":"post_tag","embeddable":true,"href":"https:\/\/diarioregionaldigital.com.br\/index.php?rest_route=%2Fwp%2Fv2%2Ftags&post=85407"}],"curies":[{"name":"wp","href":"https:\/\/api.w.org\/{rel}","templated":true}]}}