{"id":85405,"date":"2017-11-17T11:45:38","date_gmt":"2017-11-17T13:45:38","guid":{"rendered":"http:\/\/diarioregionaljf.com.br\/2017\/11\/17\/mulher-e-ameacada-com-faca-nas-costas-durante-assalto-no-jardim-laranjeiras\/"},"modified":"2017-11-17T11:45:38","modified_gmt":"2017-11-17T13:45:38","slug":"mulher-e-ameacada-com-faca-nas-costas-durante-assalto-no-jardim-laranjeiras","status":"publish","type":"post","link":"https:\/\/diarioregionaldigital.com.br\/?p=85405","title":{"rendered":"Mulher \u00e9 amea\u00e7ada com faca nas costas durante assalto no Jardim Laranjeiras"},"content":{"rendered":"<p>Uma mulher de 50 anos foi amea\u00e7ada com uma faca e assaltada na noite desta quinta-feira, 16, no bairro Jardim Laranjeiras, localizado na zona Sul de Juiz de Fora.<\/p>\n<p>Segundo informa\u00e7\u00f5es da Pol\u00edcia Militar (PM), a v\u00edtima transitava pela Rua Nair Furtado de Souza quando foi abordada por um indiv\u00edduo que puxou sua mochila e colocou uma faca em suas costas, anunciando o assalto.<\/p>\n<p>De acordo com relato da v\u00edtima, o autor passou a revist\u00e1-la, momento em que seu aparelho celular e uma pequena bolsa com dinheiro caiu no ch\u00e3o. O assaltante pegou os materiais e ap\u00f3s o assalto fugiu.<\/p>\n<p>Ap\u00f3s o crime, a mulher passou mal devido o fato de ter diabetes. Ela recebeu o atendimento e s\u00f3 depois pode comparecer a pol\u00edcia para registrar a ocorr\u00eancia.<\/p>\n<p>O autor n\u00e3o foi localizado.<\/p>\n","protected":false},"excerpt":{"rendered":"<p>Uma mulher de 50 anos foi amea\u00e7ada com uma faca e assaltada na noite desta quinta-feira, 16, no bairro Jardim Laranjeiras, localizado na zona Sul de Juiz de Fora. Segundo informa\u00e7\u00f5es da Pol\u00edcia Militar (PM), a v\u00edtima transitava pela Rua Nair Furtado de Souza quando foi abordada por um indiv\u00edduo que puxou sua mochila e [&hellip;]<\/p>\n","protected":false},"author":96,"featured_media":85404,"comment_status":"closed","ping_status":"closed","sticky":false,"template":"","format":"standard","meta":{"footnotes":""},"categories":[301],"tags":[],"class_list":["post-85405","post","type-post","status-publish","format-standard","has-post-thumbnail","hentry","category-artigos-policiais"],"_links":{"self":[{"href":"https:\/\/diarioregionaldigital.com.br\/index.php?rest_route=\/wp\/v2\/posts\/85405","targetHints":{"allow":["GET"]}}],"collection":[{"href":"https:\/\/diarioregionaldigital.com.br\/index.php?rest_route=\/wp\/v2\/posts"}],"about":[{"href":"https:\/\/diarioregionaldigital.com.br\/index.php?rest_route=\/wp\/v2\/types\/post"}],"author":[{"embeddable":true,"href":"https:\/\/diarioregionaldigital.com.br\/index.php?rest_route=\/wp\/v2\/users\/96"}],"replies":[{"embeddable":true,"href":"https:\/\/diarioregionaldigital.com.br\/index.php?rest_route=%2Fwp%2Fv2%2Fcomments&post=85405"}],"version-history":[{"count":0,"href":"https:\/\/diarioregionaldigital.com.br\/index.php?rest_route=\/wp\/v2\/posts\/85405\/revisions"}],"wp:featuredmedia":[{"embeddable":true,"href":"https:\/\/diarioregionaldigital.com.br\/index.php?rest_route=\/wp\/v2\/media\/85404"}],"wp:attachment":[{"href":"https:\/\/diarioregionaldigital.com.br\/index.php?rest_route=%2Fwp%2Fv2%2Fmedia&parent=85405"}],"wp:term":[{"taxonomy":"category","embeddable":true,"href":"https:\/\/diarioregionaldigital.com.br\/index.php?rest_route=%2Fwp%2Fv2%2Fcategories&post=85405"},{"taxonomy":"post_tag","embeddable":true,"href":"https:\/\/diarioregionaldigital.com.br\/index.php?rest_route=%2Fwp%2Fv2%2Ftags&post=85405"}],"curies":[{"name":"wp","href":"https:\/\/api.w.org\/{rel}","templated":true}]}}