{"id":85397,"date":"2017-11-16T22:28:58","date_gmt":"2017-11-17T00:28:58","guid":{"rendered":"http:\/\/diarioregionaljf.com.br\/2017\/11\/16\/prefeitura-de-juiz-de-fora-fecha-parceria-com-asepel-e-o-time-do-jf-volei\/"},"modified":"2017-11-16T22:28:58","modified_gmt":"2017-11-17T00:28:58","slug":"prefeitura-de-juiz-de-fora-fecha-parceria-com-asepel-e-o-time-do-jf-volei","status":"publish","type":"post","link":"https:\/\/diarioregionaldigital.com.br\/?p=85397","title":{"rendered":"Prefeitura de Juiz de Fora fecha parceria com Asepel e o time do JF V\u00f4lei"},"content":{"rendered":"<p>O Prefeito de Juiz de Fora, Bruno Siqueira, assinou na tarde desta quinta-feira, 16, uma Parceria de Coopera\u00e7\u00e3o entre a Prefeitura de Juiz de Fora e a Associa\u00e7\u00e3o de Ensino e Pesquisa em Esporte e Lazer (Asepel), respons\u00e1vel pelo time de voleibol da cidade, JF V\u00f4lei.<\/p>\n<p>O termo estabelece a cria\u00e7\u00e3o do N\u00facleo de Inicia\u00e7\u00e3o ao Voleibol, que prev\u00ea duas aulas semanais para a Escola Municipal (E.M.) Tancredo Neves. Atrav\u00e9s da Secretaria de Comunica\u00e7\u00e3o Social (SCS) o acordo ainda contar\u00e1 com a\u00e7\u00f5es de apoio de organiza\u00e7\u00e3o e divulga\u00e7\u00e3o dos eventos e jogos do time profissional de v\u00f4lei da cidade.<\/p>\n<p>A assinatura do ato com a Asepel firma a colabora\u00e7\u00e3o entre os \u00f3rg\u00e3os, estabelecendo uma uni\u00e3o de interesses m\u00fatuos para desenvolver projetos esportivos diretamente ligados ao v\u00f4lei, bem como a realiza\u00e7\u00e3o de projetos sociais.<\/p>\n<p>A coopera\u00e7\u00e3o visa fomentar o esporte por meio de a\u00e7\u00f5es de cidadania, evidenciando a equipe de v\u00f4lei. Atividades do projeto Bem Comum, desenvolvido pela Secretaria de Comunica\u00e7\u00e3o&nbsp;Social.<\/p>\n<p>O Prefeito, ainda exaltou a parceria: \u201cO est\u00edmulo ao esporte \u00e9 um dos nossos compromissos com o futuro das crian\u00e7as juiz-foranas. Atualmente, nossa cidade \u00e9 defendida na Superliga, maior disputa de v\u00f4lei nacional, pelo JF V\u00f4lei e a modalidade \u00e9 um caminho \u00e0 forma\u00e7\u00e3o de jovens,\u201d afirmou. <\/p>\n<p>O objetivo \u00e9 que sejam encontrados outros tantos talentos no voleibol pela cidade e poder oportunizar as crian\u00e7as e adolescentes que querem praticar a modalidade. A parceria com o JF V\u00f4lei j\u00e1 est\u00e1 sendo realizado com o projeto na escola Tancredo Neves, beneficiando 50 crian\u00e7as.<\/p>\n<p>O diretor fundador do JF V\u00f4lei, Maur\u00edcio Bara, destacou que \u201ca equipe j\u00e1 esta fazendo trabalho direcionado \u00e0 forma\u00e7\u00e3o de atletas em categoria de base, que une crian\u00e7as de escolas p\u00fablicas e particulares. Mas agora, atrav\u00e9s do acordo firmado nesta quinta-feira, al\u00e9m de dar continuidade a esse projeto, o time juiz-forano poder\u00e1 explorar novas campanhas de comunica\u00e7\u00e3o, para promover a equipe e divulgar melhor ainda a cidade,\u201d disse. <\/p>\n<p>Tamb\u00e9m estavam presentes: Michael Guedes (Secret\u00e1rio de Comunica\u00e7\u00e3o), J\u00falio Gasparette (Secret\u00e1rio de Esporte e Lazer) e Andr\u00e9a Borges ( Sub-secret\u00e1ria de Educa\u00e7\u00e3o).<\/p>\n<p><img loading=\"lazy\" decoding=\"async\" class=\" size-full wp-image-85396\" src=\"http:\/\/diarioregionaljf.com.br\/wp-content\/uploads\/2017\/11\/diario-int-21306-1.jpg\" alt=\"bruno jfv\u00f4lei\" title=\"Equipe se reuniu para assinar parceria entre Prefeitura de Juiz de Fora, Asepel e o time do JF V\u00f4lei.      FOTO: Carlos Mendon\u00e7a\/ PJF\" width=\"680\" height=\"450\" srcset=\"https:\/\/diarioregionaldigital.com.br\/wp-content\/uploads\/2017\/11\/diario-int-21306-1.jpg 680w, https:\/\/diarioregionaldigital.com.br\/wp-content\/uploads\/2017\/11\/diario-int-21306-1-300x199.jpg 300w, https:\/\/diarioregionaldigital.com.br\/wp-content\/uploads\/2017\/11\/diario-int-21306-1-360x238.jpg 360w\" sizes=\"auto, (max-width: 680px) 100vw, 680px\" \/><\/p>\n","protected":false},"excerpt":{"rendered":"<p>O Prefeito de Juiz de Fora, Bruno Siqueira, assinou na tarde desta quinta-feira, 16, uma Parceria de Coopera\u00e7\u00e3o entre a Prefeitura de Juiz de Fora e a Associa\u00e7\u00e3o de Ensino e Pesquisa em Esporte e Lazer (Asepel), respons\u00e1vel pelo time de voleibol da cidade, JF V\u00f4lei. O termo estabelece a cria\u00e7\u00e3o do N\u00facleo de Inicia\u00e7\u00e3o [&hellip;]<\/p>\n","protected":false},"author":96,"featured_media":85395,"comment_status":"closed","ping_status":"closed","sticky":false,"template":"","format":"standard","meta":{"footnotes":""},"categories":[257],"tags":[],"class_list":["post-85397","post","type-post","status-publish","format-standard","has-post-thumbnail","hentry","category-esporte"],"_links":{"self":[{"href":"https:\/\/diarioregionaldigital.com.br\/index.php?rest_route=\/wp\/v2\/posts\/85397","targetHints":{"allow":["GET"]}}],"collection":[{"href":"https:\/\/diarioregionaldigital.com.br\/index.php?rest_route=\/wp\/v2\/posts"}],"about":[{"href":"https:\/\/diarioregionaldigital.com.br\/index.php?rest_route=\/wp\/v2\/types\/post"}],"author":[{"embeddable":true,"href":"https:\/\/diarioregionaldigital.com.br\/index.php?rest_route=\/wp\/v2\/users\/96"}],"replies":[{"embeddable":true,"href":"https:\/\/diarioregionaldigital.com.br\/index.php?rest_route=%2Fwp%2Fv2%2Fcomments&post=85397"}],"version-history":[{"count":0,"href":"https:\/\/diarioregionaldigital.com.br\/index.php?rest_route=\/wp\/v2\/posts\/85397\/revisions"}],"wp:featuredmedia":[{"embeddable":true,"href":"https:\/\/diarioregionaldigital.com.br\/index.php?rest_route=\/wp\/v2\/media\/85395"}],"wp:attachment":[{"href":"https:\/\/diarioregionaldigital.com.br\/index.php?rest_route=%2Fwp%2Fv2%2Fmedia&parent=85397"}],"wp:term":[{"taxonomy":"category","embeddable":true,"href":"https:\/\/diarioregionaldigital.com.br\/index.php?rest_route=%2Fwp%2Fv2%2Fcategories&post=85397"},{"taxonomy":"post_tag","embeddable":true,"href":"https:\/\/diarioregionaldigital.com.br\/index.php?rest_route=%2Fwp%2Fv2%2Ftags&post=85397"}],"curies":[{"name":"wp","href":"https:\/\/api.w.org\/{rel}","templated":true}]}}