{"id":85386,"date":"2017-11-16T22:15:15","date_gmt":"2017-11-17T00:15:15","guid":{"rendered":"http:\/\/diarioregionaljf.com.br\/2017\/11\/16\/temer-da-sinal-verde-a-acoes-para-incentivar-micro-e-pequenas-empresas\/"},"modified":"2017-11-16T22:15:15","modified_gmt":"2017-11-17T00:15:15","slug":"temer-da-sinal-verde-a-acoes-para-incentivar-micro-e-pequenas-empresas","status":"publish","type":"post","link":"https:\/\/diarioregionaldigital.com.br\/?p=85386","title":{"rendered":"Temer d\u00e1 sinal verde a a\u00e7\u00f5es para incentivar micro e pequenas empresas"},"content":{"rendered":"<p>Em resposta a uma demanda do presidente do Sebrae nacional, Guilherme Afif Domingos, o presidente Michel Temer disse que vai apoiar a proposta que cria o Cadastro Positivo das Micro e Pequenas Empresas. \u201cPrecisamos pensar em dar uma esp\u00e9cie de pr\u00eamio para aqueles bons pagadores. Quero dizer que vou apoiar esse projeto\u201d, afirmou Temer ao participar da Semana Global do Empreendedorismo do Sebrae (Servi\u00e7o Brasileiro de Apoio \u00e0s Micro e Pequenas Empresas).<\/p>\n<p>Afif lembrou que hoje 84% das micro e pequenas empresas n\u00e3o t\u00eam acesso a cr\u00e9dito. Segundo ele, os grandes bancos t\u00eam dificuldade para conversar com os pequenos empres\u00e1rios.<\/p>\n<p><strong>Urg\u00eancia<\/strong><br \/>O presidente do Sebrae disse que com o apoio de Temer, a proposta tem condi\u00e7\u00f5es de ser votada pelo Congresso ainda este ano. Para acelerar a an\u00e1lise da mat\u00e9ria, a ideia \u00e9 fazer com que o projeto de lei complementar (PLP 171\/12), que est\u00e1 na C\u00e2mara dos Deputados, passe a tramitar em regime de urg\u00eancia \u201ccom a garantia de n\u00e3o veto do governo\u201d.<\/p>\n<p>Nesse projeto seriam inclu\u00eddos novos itens. Al\u00e9m da cria\u00e7\u00e3o do Cadastro Positivo para microempreendedores, o texto contemplaria o refinanciamento de d\u00edvidas de cerca de 590 mil empresas que receberam notifica\u00e7\u00e3o e, caso n\u00e3o paguem as d\u00edvidas, ser\u00e3o exclu\u00eddas do regime do Simples.<br \/>Outra medida seria a cria\u00e7\u00e3o da Empresa Simples de Cr\u00e9dito. Essa \u00faltima modalidade \u00e9 uma novidade.<\/p>\n<p>A expectativa \u00e9 que ela permita ao cidad\u00e3o, no seu pr\u00f3prio munic\u00edpio, emprestar o seu dinheiro a pessoas jur\u00eddicas. Para Afif, isso financiaria a produ\u00e7\u00e3o local com dinheiro mais barato, o que tamb\u00e9m estimularia a concorr\u00eancia com os bancos, o que hoje n\u00e3o existe.<\/p>\n<hr \/>\n<p>&nbsp;Fonte: Ag\u00eancia Brasil<\/p>\n","protected":false},"excerpt":{"rendered":"<p>Em resposta a uma demanda do presidente do Sebrae nacional, Guilherme Afif Domingos, o presidente Michel Temer disse que vai apoiar a proposta que cria o Cadastro Positivo das Micro e Pequenas Empresas. \u201cPrecisamos pensar em dar uma esp\u00e9cie de pr\u00eamio para aqueles bons pagadores. Quero dizer que vou apoiar esse projeto\u201d, afirmou Temer ao [&hellip;]<\/p>\n","protected":false},"author":96,"featured_media":85385,"comment_status":"closed","ping_status":"closed","sticky":false,"template":"","format":"standard","meta":{"footnotes":""},"categories":[261],"tags":[],"class_list":["post-85386","post","type-post","status-publish","format-standard","has-post-thumbnail","hentry","category-economia"],"_links":{"self":[{"href":"https:\/\/diarioregionaldigital.com.br\/index.php?rest_route=\/wp\/v2\/posts\/85386","targetHints":{"allow":["GET"]}}],"collection":[{"href":"https:\/\/diarioregionaldigital.com.br\/index.php?rest_route=\/wp\/v2\/posts"}],"about":[{"href":"https:\/\/diarioregionaldigital.com.br\/index.php?rest_route=\/wp\/v2\/types\/post"}],"author":[{"embeddable":true,"href":"https:\/\/diarioregionaldigital.com.br\/index.php?rest_route=\/wp\/v2\/users\/96"}],"replies":[{"embeddable":true,"href":"https:\/\/diarioregionaldigital.com.br\/index.php?rest_route=%2Fwp%2Fv2%2Fcomments&post=85386"}],"version-history":[{"count":0,"href":"https:\/\/diarioregionaldigital.com.br\/index.php?rest_route=\/wp\/v2\/posts\/85386\/revisions"}],"wp:featuredmedia":[{"embeddable":true,"href":"https:\/\/diarioregionaldigital.com.br\/index.php?rest_route=\/wp\/v2\/media\/85385"}],"wp:attachment":[{"href":"https:\/\/diarioregionaldigital.com.br\/index.php?rest_route=%2Fwp%2Fv2%2Fmedia&parent=85386"}],"wp:term":[{"taxonomy":"category","embeddable":true,"href":"https:\/\/diarioregionaldigital.com.br\/index.php?rest_route=%2Fwp%2Fv2%2Fcategories&post=85386"},{"taxonomy":"post_tag","embeddable":true,"href":"https:\/\/diarioregionaldigital.com.br\/index.php?rest_route=%2Fwp%2Fv2%2Ftags&post=85386"}],"curies":[{"name":"wp","href":"https:\/\/api.w.org\/{rel}","templated":true}]}}