{"id":85384,"date":"2017-11-16T20:54:38","date_gmt":"2017-11-16T22:54:38","guid":{"rendered":"http:\/\/diarioregionaljf.com.br\/2017\/11\/16\/mesa-de-debates-da-tve-recebe-mocao-de-aplauso-da-camara\/"},"modified":"2017-11-16T20:54:38","modified_gmt":"2017-11-16T22:54:38","slug":"mesa-de-debates-da-tve-recebe-mocao-de-aplauso-da-camara","status":"publish","type":"post","link":"https:\/\/diarioregionaldigital.com.br\/?p=85384","title":{"rendered":"Mesa de Debates da TVE recebe mo\u00e7\u00e3o de aplauso da C\u00e2mara"},"content":{"rendered":"<p>O programa Mesa de Debates da TV Educativa Juiz de Fora (TVE-JF) recebe na pr\u00f3xima segunda-feira, 20, uma mo\u00e7\u00e3o de aplausos promovida pela C\u00e2mara Municipal de Juiz de Fora, atrav\u00e9s do vereador Julio Obama Jr. (PHS) em reconhecimento ao trabalho de levar para o juiz-forano entretenimento, cultura e jornalismo de qualidade.<\/p>\n<p>De acordo com o parlamentar do PHS, o programa \u00e9 um dos poucos espa\u00e7os na cidade e na regi\u00e3o em que as quest\u00f5es pol\u00edticas, econ\u00f4micas, culturais, educacionais e outras s\u00e3o debatidas, com total imparcialidade, a servi\u00e7o da verdade. \u201cSempre apresenta os dois lados, os dois pensamentos de um fato ou de um momento, sem querer ser ou parecer tendencioso, se limitando positivamente a dar ao telespectador a informa\u00e7\u00e3o para que fa\u00e7a seu pr\u00f3prio ju\u00edzo. \u00c9 um espa\u00e7o de jornalismo s\u00e9rio, por onde j\u00e1 debateram grandes figuras da cidade e do Brasil\u201d, afirma.<\/p>\n<p>Obama avalia de forma positiva a participa\u00e7\u00e3o do programa na cidade. \u201cOs temas locais ganham relev\u00e2ncia, e quem acompanha a programa\u00e7\u00e3o da \u2018Mesa\u2019 tende a estar mais pr\u00f3ximo de tudo acontece no nosso dia a dia\u201d, refor\u00e7a.<\/p>\n<p>O diretor de opera\u00e7\u00f5es do Grupo SIRCOM, Erickson Arag\u00e3o, ressalta que os objetivos da TV s\u00e3o os de levar entretenimento, educa\u00e7\u00e3o e cultura para o telespectador. \u201cA TV \u00e9 constitu\u00edda por pessoas da pr\u00f3pria cidade, conta com a parceria da TV Cultura, com sede em S\u00e3o Paulo, al\u00e9m da exibi\u00e7\u00e3o de telejornais das redes Brasil e Minas, proporcionando cobertura nacional e estadual. Por meio do TVE Informa, o cidad\u00e3o acompanha tudo que acontece na cidade, e no contexto da Mesa de Debates, os temas que est\u00e3o em evid\u00eancia no munic\u00edpio\u201d, explica.<\/p>\n<p>Para Arag\u00e3o, a homenagem incentiva a continuidade do trabalho e mostra que o programa est\u00e1 no caminho certo. \u201cA gente recebe o apoio dos vereadores, em especial do Obama Jr. e agradecemos. Isso nos impulsiona para que possamos continuar envolvendo as pessoas com jornalismo de qualidade, que \u00e9 a nossa miss\u00e3o\u201d, destaca.<\/p>\n<p>&nbsp;<\/p>\n<h4>HIST\u00d3RIA DA MESA DE DEBATES<\/h4>\n<p>O programa foi idealizado e montado por Josino Arag\u00e3o, e institu\u00eddo na grade da extinta TV Tiradentes em 1990. Logo depois ele foi reproduzido para a antiga R\u00e1dio JF, esteve presente na R\u00e1dio Pio XII, atual R\u00e1dio Premium JF. Em meados de 1995, al\u00e9m da transmiss\u00e3o na Premium nas frequ\u00eancias AM e FM, ele passou a integrar a grade da TVE, onde permanece at\u00e9 os dias atuais, sempre com o mesmo molde: dura\u00e7\u00e3o de uma hora e os debatedores.<\/p>\n<p>\u201cNa \u00e9poca, os telejornais das emissoras locais eram bem curtos, n\u00e3o havia espa\u00e7o para um programa como esses. A nossa ideia foi abrir espa\u00e7o para que a pessoa que estivesse sendo entrevistada tivesse tempo de expor seu trabalho. \u00c9 um programa que veio a agregar, que sempre contou com a presen\u00e7a do artista local e as pessoas que vinham para visitar Juiz de Fora\u201d, lembra Jovino Quintella, que esteve no in\u00edcio das produ\u00e7\u00f5es do programa.<\/p>\n<p>\u201cA visualiza\u00e7\u00e3o da Mesa \u00e9 muito grande. As pessoas t\u00eam tempo para apresentar o que elas acham necess\u00e1rio e o telespectador fica ciente do que est\u00e1 sendo feito, fator que eleva a audi\u00eancia. Sempre recebemos grandes artistas, pol\u00edticos, m\u00e9dicos e outros. \u00c9 um marco para a TV juiz-forana, em que fomos pioneiros\u201d, conta.<\/p>\n","protected":false},"excerpt":{"rendered":"<p>O programa Mesa de Debates da TV Educativa Juiz de Fora (TVE-JF) recebe na pr\u00f3xima segunda-feira, 20, uma mo\u00e7\u00e3o de aplausos promovida pela C\u00e2mara Municipal de Juiz de Fora, atrav\u00e9s do vereador Julio Obama Jr. (PHS) em reconhecimento ao trabalho de levar para o juiz-forano entretenimento, cultura e jornalismo de qualidade. De acordo com o [&hellip;]<\/p>\n","protected":false},"author":96,"featured_media":85383,"comment_status":"closed","ping_status":"closed","sticky":false,"template":"","format":"standard","meta":{"footnotes":""},"categories":[253],"tags":[],"class_list":["post-85384","post","type-post","status-publish","format-standard","has-post-thumbnail","hentry","category-cidade"],"_links":{"self":[{"href":"https:\/\/diarioregionaldigital.com.br\/index.php?rest_route=\/wp\/v2\/posts\/85384","targetHints":{"allow":["GET"]}}],"collection":[{"href":"https:\/\/diarioregionaldigital.com.br\/index.php?rest_route=\/wp\/v2\/posts"}],"about":[{"href":"https:\/\/diarioregionaldigital.com.br\/index.php?rest_route=\/wp\/v2\/types\/post"}],"author":[{"embeddable":true,"href":"https:\/\/diarioregionaldigital.com.br\/index.php?rest_route=\/wp\/v2\/users\/96"}],"replies":[{"embeddable":true,"href":"https:\/\/diarioregionaldigital.com.br\/index.php?rest_route=%2Fwp%2Fv2%2Fcomments&post=85384"}],"version-history":[{"count":0,"href":"https:\/\/diarioregionaldigital.com.br\/index.php?rest_route=\/wp\/v2\/posts\/85384\/revisions"}],"wp:featuredmedia":[{"embeddable":true,"href":"https:\/\/diarioregionaldigital.com.br\/index.php?rest_route=\/wp\/v2\/media\/85383"}],"wp:attachment":[{"href":"https:\/\/diarioregionaldigital.com.br\/index.php?rest_route=%2Fwp%2Fv2%2Fmedia&parent=85384"}],"wp:term":[{"taxonomy":"category","embeddable":true,"href":"https:\/\/diarioregionaldigital.com.br\/index.php?rest_route=%2Fwp%2Fv2%2Fcategories&post=85384"},{"taxonomy":"post_tag","embeddable":true,"href":"https:\/\/diarioregionaldigital.com.br\/index.php?rest_route=%2Fwp%2Fv2%2Ftags&post=85384"}],"curies":[{"name":"wp","href":"https:\/\/api.w.org\/{rel}","templated":true}]}}