{"id":85382,"date":"2017-11-16T20:49:33","date_gmt":"2017-11-16T22:49:33","guid":{"rendered":"http:\/\/diarioregionaljf.com.br\/2017\/11\/16\/em-foco\/"},"modified":"2017-11-16T20:49:33","modified_gmt":"2017-11-16T22:49:33","slug":"em-foco","status":"publish","type":"post","link":"https:\/\/diarioregionaldigital.com.br\/?p=85382","title":{"rendered":"Em Foco"},"content":{"rendered":"<p style=\"text-align: center;\"><span class=\"h4\">Em Foco<\/span><br \/>Ser\u00e1 dia 22 de novembro, \u00e0s 19h, a palestra com a m\u00e9dica-psiquiatra Elimar Jacob Salzer Rodrigues, no Lact\u00e1rio S\u00e3o Jos\u00e9 da ADPI, na Rua Esp\u00edrito Santo, n\u00ba 925. O tema ser\u00e1 Porque nos Apaixonamos. A doa\u00e7\u00e3o facultativa \u00e9 em Leite em p\u00f3.<\/p>\n<p style=\"text-align: center;\"><span class=\"h4\">Pen\u00faria<\/span><br \/>Um amigo deste colunista que foi comiss\u00e1rio de bordo falou que mais de dez mil ex-trabalhadores da Varig est\u00e3o em situa\u00e7\u00e3o de pen\u00faria, at\u00e9 hoje sem receber os direitos trabalhistas. Poucos conseguiram outro emprego, n\u00e3o foi absorvido pelo mercado. Vendida, um grupo revendeu a parte da empresa por US$ 300 milh\u00f5es, com a garantia da Justi\u00e7a de que n\u00e3o precisaria pagar os direitos trabalhistas dos ex-funcion\u00e1rios.<\/p>\n<p style=\"text-align: center;\"><span class=\"h4\">Sucesso<\/span><br \/>Durante a XI Semana de Biologia da UFJF e XXII Mostra de Produ\u00e7\u00e3o Cient\u00edfica, o bi\u00f3logo e fot\u00f3grafo Felipe Santos conquistou o 1\u00ba lugar no Concurso de Fotografia da XL Sembio. T\u00e3o jovem e j\u00e1 revelando talento. Ele ser\u00e1 o respons\u00e1vel pela foto da revista Shopping e Marketing, capa Melhores de 2017.<\/p>\n<p style=\"text-align: center;\"><span class=\"h4\">Solidariedade<\/span><br \/>Os alunos do curso de Design de Moda da Est\u00e1cio\/JF promoveram, em parceria com o Hemominas, um desfile chamando a aten\u00e7\u00e3o de quem passava pela rua Mister Moore. A a\u00e7\u00e3o deu inicio \u00e0s comemora\u00e7\u00f5es do Dia do Doador Volunt\u00e1rio de Sangue, celebrado em 25 de novembro. Palmas para a coordenadora Paula Castro.<\/p>\n<p style=\"text-align: center;\"><span class=\"h4\">Dica<\/span><br \/>O livro da atriz e escritora Fernanda Torres \u201cA gl\u00f3ria e seu cortejo de horrores\u201d, que este colunista leu, mostra uma literatura misturando ironia, desencanto e muito teatro. Super indico.<\/p>\n<p style=\"text-align: center;\"><span class=\"h4\">Irmandade<\/span><br \/>Inspirada no \u00c1lbum do Beb\u00ea do Hospital Albert Sabin e como forma de melhorar o contato entre familiares e pacientes, a Santa Casa de Juiz de Fora inaugurou o seu Ber\u00e7\u00e1rio Virtual. Nele, os pais que optarem, podem ter a foto de seus beb\u00eas nascidos no hospital registrada na p\u00e1gina, junto com informa\u00e7\u00f5es como peso e altura das crian\u00e7as.<\/p>\n<p style=\"text-align: center;\"><span class=\"h4\">Mil Festas<\/span><br \/>Antenados e de apurad\u00edssimo bom gosto, a empres\u00e1ria Veridiana Martins e o jornalista Talison Vardiero est\u00e3o mobilizando o Buffet a Festa \u00e9 Sua com eventos exclusivos onde o diferencial vem junto com cerimonial e assessoria total. Ponto para eles.<\/p>\n<p><img decoding=\"async\" class=\" size-full wp-image-85369\" src=\"http:\/\/diarioregionaljf.com.br\/wp-content\/uploads\/2017\/11\/diario-int-21300-1.jpeg\" alt=\"FOTOA.jpeg\" width=\"680\" style=\"display: block; margin-left: auto; margin-right: auto;\" srcset=\"https:\/\/diarioregionaldigital.com.br\/wp-content\/uploads\/2017\/11\/diario-int-21300-1.jpeg 680w, https:\/\/diarioregionaldigital.com.br\/wp-content\/uploads\/2017\/11\/diario-int-21300-1-266x300.jpeg 266w, https:\/\/diarioregionaldigital.com.br\/wp-content\/uploads\/2017\/11\/diario-int-21300-1-360x407.jpeg 360w\" sizes=\"(max-width: 680px) 100vw, 680px\" \/><\/p>\n<p style=\"text-align: center;\"><img decoding=\"async\" class=\" size-full wp-image-85370\" src=\"http:\/\/diarioregionaljf.com.br\/wp-content\/uploads\/2017\/11\/diario-int-21300-2.jpeg\" alt=\"FOTOA2.jpeg\" width=\"680\" style=\"display: block; margin-left: auto; margin-right: auto;\" srcset=\"https:\/\/diarioregionaldigital.com.br\/wp-content\/uploads\/2017\/11\/diario-int-21300-2.jpeg 680w, https:\/\/diarioregionaldigital.com.br\/wp-content\/uploads\/2017\/11\/diario-int-21300-2-266x300.jpeg 266w, https:\/\/diarioregionaldigital.com.br\/wp-content\/uploads\/2017\/11\/diario-int-21300-2-360x407.jpeg 360w\" sizes=\"(max-width: 680px) 100vw, 680px\" \/>Dois tempos do modelo Matheus C\u00e9sar (Click Model), em destaque nesta temporada pr\u00e9-ver\u00e3o<\/p>\n<p style=\"text-align: center;\"><img decoding=\"async\" class=\" size-full wp-image-85371\" src=\"http:\/\/diarioregionaljf.com.br\/wp-content\/uploads\/2017\/11\/diario-int-21300-3.jpg\" alt=\"FOTOAA.jpg\" width=\"680\" style=\"display: block; margin-left: auto; margin-right: auto;\" srcset=\"https:\/\/diarioregionaldigital.com.br\/wp-content\/uploads\/2017\/11\/diario-int-21300-3.jpg 680w, https:\/\/diarioregionaldigital.com.br\/wp-content\/uploads\/2017\/11\/diario-int-21300-3-300x185.jpg 300w, https:\/\/diarioregionaldigital.com.br\/wp-content\/uploads\/2017\/11\/diario-int-21300-3-360x222.jpg 360w\" sizes=\"(max-width: 680px) 100vw, 680px\" \/>Curtindo a Portela no Rio, o querido casal Ivete Gomes e Toinho Gomes<\/p>\n<p style=\"text-align: center;\"><img decoding=\"async\" class=\" size-full wp-image-85372\" src=\"http:\/\/diarioregionaljf.com.br\/wp-content\/uploads\/2017\/11\/diario-int-21300-4.JPG\" alt=\"FOTOC.JPG\" width=\"680\" style=\"display: block; margin-left: auto; margin-right: auto;\" srcset=\"https:\/\/diarioregionaldigital.com.br\/wp-content\/uploads\/2017\/11\/diario-int-21300-4.JPG 680w, https:\/\/diarioregionaldigital.com.br\/wp-content\/uploads\/2017\/11\/diario-int-21300-4-300x199.jpg 300w, https:\/\/diarioregionaldigital.com.br\/wp-content\/uploads\/2017\/11\/diario-int-21300-4-360x238.jpg 360w\" sizes=\"(max-width: 680px) 100vw, 680px\" \/>No lan\u00e7amento Ver\u00e3o da Arpel Alameda, Eduardo Gomes e o estilista Rafael Matioli<\/p>\n<p style=\"text-align: center;\"><img decoding=\"async\" class=\" size-full wp-image-85373\" src=\"http:\/\/diarioregionaljf.com.br\/wp-content\/uploads\/2017\/11\/diario-int-21300-5.jpg\" alt=\"FOTOCC.jpg\" width=\"680\" style=\"display: block; margin-left: auto; margin-right: auto;\" srcset=\"https:\/\/diarioregionaldigital.com.br\/wp-content\/uploads\/2017\/11\/diario-int-21300-5.jpg 680w, https:\/\/diarioregionaldigital.com.br\/wp-content\/uploads\/2017\/11\/diario-int-21300-5-300x199.jpg 300w, https:\/\/diarioregionaldigital.com.br\/wp-content\/uploads\/2017\/11\/diario-int-21300-5-360x238.jpg 360w\" sizes=\"(max-width: 680px) 100vw, 680px\" \/>No Acad\u00eamicos do Bairu, no Pagod\u00e3o dos Clubes, Marcelo Barra, Valtencir F\u00e1vero (homenageado) e Z\u00e9 Kodak<\/p>\n<p style=\"text-align: center;\"><img decoding=\"async\" class=\" size-full wp-image-85374\" src=\"http:\/\/diarioregionaljf.com.br\/wp-content\/uploads\/2017\/11\/diario-int-21300-6.jpg\" alt=\"FOTODD.jpg\" width=\"680\" style=\"display: block; margin-left: auto; margin-right: auto;\" srcset=\"https:\/\/diarioregionaldigital.com.br\/wp-content\/uploads\/2017\/11\/diario-int-21300-6.jpg 680w, https:\/\/diarioregionaldigital.com.br\/wp-content\/uploads\/2017\/11\/diario-int-21300-6-300x199.jpg 300w, https:\/\/diarioregionaldigital.com.br\/wp-content\/uploads\/2017\/11\/diario-int-21300-6-360x238.jpg 360w\" sizes=\"(max-width: 680px) 100vw, 680px\" \/>Na Avalon, os campe\u00f5es, Raphael Oliveira, Jimmy Alves, Felipe Dur\u00e3es e Bruno Ara\u00fajo<\/p>\n<p style=\"text-align: center;\"><img decoding=\"async\" class=\" size-full wp-image-85375\" src=\"http:\/\/diarioregionaljf.com.br\/wp-content\/uploads\/2017\/11\/diario-int-21300-7.jpg\" alt=\"FOTOE.jpg\" width=\"680\" style=\"display: block; margin-left: auto; margin-right: auto;\" srcset=\"https:\/\/diarioregionaldigital.com.br\/wp-content\/uploads\/2017\/11\/diario-int-21300-7.jpg 680w, https:\/\/diarioregionaldigital.com.br\/wp-content\/uploads\/2017\/11\/diario-int-21300-7-300x198.jpg 300w, https:\/\/diarioregionaldigital.com.br\/wp-content\/uploads\/2017\/11\/diario-int-21300-7-360x238.jpg 360w\" sizes=\"(max-width: 680px) 100vw, 680px\" \/>Na Casinha 649, L\u00e9a Batista, Ingrid Og Dauayer e Evane Vargas<\/p>\n<p style=\"text-align: center;\"><img decoding=\"async\" class=\" size-full wp-image-85376\" src=\"http:\/\/diarioregionaljf.com.br\/wp-content\/uploads\/2017\/11\/diario-int-21300-8.jpg\" alt=\"FOTOF.jpg\" width=\"680\" style=\"display: block; margin-left: auto; margin-right: auto;\" srcset=\"https:\/\/diarioregionaldigital.com.br\/wp-content\/uploads\/2017\/11\/diario-int-21300-8.jpg 680w, https:\/\/diarioregionaldigital.com.br\/wp-content\/uploads\/2017\/11\/diario-int-21300-8-300x198.jpg 300w, https:\/\/diarioregionaldigital.com.br\/wp-content\/uploads\/2017\/11\/diario-int-21300-8-360x238.jpg 360w\" sizes=\"(max-width: 680px) 100vw, 680px\" \/>Mulheres refinadas na Casinha 649, Let\u00edcia Matos, Nara Coelho, Lucy Hargreaves e Ros\u00e1rio Matos<\/p>\n<p style=\"text-align: center;\"><img decoding=\"async\" class=\" size-full wp-image-85377\" src=\"http:\/\/diarioregionaljf.com.br\/wp-content\/uploads\/2017\/11\/diario-int-21300-9.jpg\" alt=\"FOTOBB.jpg\" width=\"680\" style=\"display: block; margin-left: auto; margin-right: auto;\" srcset=\"https:\/\/diarioregionaldigital.com.br\/wp-content\/uploads\/2017\/11\/diario-int-21300-9.jpg 680w, https:\/\/diarioregionaldigital.com.br\/wp-content\/uploads\/2017\/11\/diario-int-21300-9-150x150.jpg 150w, https:\/\/diarioregionaldigital.com.br\/wp-content\/uploads\/2017\/11\/diario-int-21300-9-300x300.jpg 300w, https:\/\/diarioregionaldigital.com.br\/wp-content\/uploads\/2017\/11\/diario-int-21300-9-180x180.jpg 180w, https:\/\/diarioregionaldigital.com.br\/wp-content\/uploads\/2017\/11\/diario-int-21300-9-600x600.jpg 600w, https:\/\/diarioregionaldigital.com.br\/wp-content\/uploads\/2017\/11\/diario-int-21300-9-120x120.jpg 120w, https:\/\/diarioregionaldigital.com.br\/wp-content\/uploads\/2017\/11\/diario-int-21300-9-360x360.jpg 360w, https:\/\/diarioregionaldigital.com.br\/wp-content\/uploads\/2017\/11\/diario-int-21300-9-80x80.jpg 80w\" sizes=\"(max-width: 680px) 100vw, 680px\" \/>Comemorando o Dia do Fot\u00f3grafo, o ator Ricardo Barros com Valdir J\u00fanior, no Maximus Eventos<\/p>\n<p style=\"text-align: center;\"><img decoding=\"async\" class=\" size-full wp-image-85378\" src=\"http:\/\/diarioregionaljf.com.br\/wp-content\/uploads\/2017\/11\/diario-int-21300-10.jpg\" alt=\"FOTOH.jpg\" width=\"680\" style=\"display: block; margin-left: auto; margin-right: auto;\" srcset=\"https:\/\/diarioregionaldigital.com.br\/wp-content\/uploads\/2017\/11\/diario-int-21300-10.jpg 680w, https:\/\/diarioregionaldigital.com.br\/wp-content\/uploads\/2017\/11\/diario-int-21300-10-300x199.jpg 300w, https:\/\/diarioregionaldigital.com.br\/wp-content\/uploads\/2017\/11\/diario-int-21300-10-360x238.jpg 360w\" sizes=\"(max-width: 680px) 100vw, 680px\" \/>Na Casinha 649, Gigi Marie, Marc\u00edlio Gomes e Ingrid Og Duayer<\/p>\n<p style=\"text-align: center;\"><img decoding=\"async\" class=\" size-full wp-image-85379\" src=\"http:\/\/diarioregionaljf.com.br\/wp-content\/uploads\/2017\/11\/diario-int-21300-11.jpg\" alt=\"FOTOJ.jpg\" width=\"680\" style=\"display: block; margin-left: auto; margin-right: auto;\" srcset=\"https:\/\/diarioregionaldigital.com.br\/wp-content\/uploads\/2017\/11\/diario-int-21300-11.jpg 680w, https:\/\/diarioregionaldigital.com.br\/wp-content\/uploads\/2017\/11\/diario-int-21300-11-300x198.jpg 300w, https:\/\/diarioregionaldigital.com.br\/wp-content\/uploads\/2017\/11\/diario-int-21300-11-360x238.jpg 360w\" sizes=\"(max-width: 680px) 100vw, 680px\" \/>Hanna Formigon, no auge da Festa Groove, no Pub\u2019s<\/p>\n<p style=\"text-align: center;\"><img decoding=\"async\" class=\" size-full wp-image-85380\" src=\"http:\/\/diarioregionaljf.com.br\/wp-content\/uploads\/2017\/11\/diario-int-21300-12.jpg\" alt=\"FOTOL.jpg\" width=\"680\" style=\"display: block; margin-left: auto; margin-right: auto;\" srcset=\"https:\/\/diarioregionaldigital.com.br\/wp-content\/uploads\/2017\/11\/diario-int-21300-12.jpg 680w, https:\/\/diarioregionaldigital.com.br\/wp-content\/uploads\/2017\/11\/diario-int-21300-12-300x169.jpg 300w, https:\/\/diarioregionaldigital.com.br\/wp-content\/uploads\/2017\/11\/diario-int-21300-12-360x203.jpg 360w\" sizes=\"(max-width: 680px) 100vw, 680px\" \/>Na Feijoada do Come Quieto, no Terrazzo, Liliane Gonzaga, Ivanir Ferreira e Helaine Gonzaga<\/p>\n<p style=\"text-align: center;\"><img decoding=\"async\" class=\" size-full wp-image-85381\" src=\"http:\/\/diarioregionaljf.com.br\/wp-content\/uploads\/2017\/11\/diario-int-21300-13.jpg\" alt=\"FOTOM.jpg\" width=\"680\" style=\"display: block; margin-left: auto; margin-right: auto;\" srcset=\"https:\/\/diarioregionaldigital.com.br\/wp-content\/uploads\/2017\/11\/diario-int-21300-13.jpg 680w, https:\/\/diarioregionaldigital.com.br\/wp-content\/uploads\/2017\/11\/diario-int-21300-13-266x300.jpg 266w, https:\/\/diarioregionaldigital.com.br\/wp-content\/uploads\/2017\/11\/diario-int-21300-13-360x407.jpg 360w\" sizes=\"(max-width: 680px) 100vw, 680px\" \/>No Boteco do Gato, os lindos Patr\u00edcia Alvim e Geraldo Lima<\/p>\n<p class=\"h4\" style=\"text-align: center;\">FOTOSS\u00cdNTESE<\/p>\n<p>Gabriel Vital nosso MR. Juiz de Fora ganhou o concurso Mr. Minas Gerais 2017, em Patos de Minas.<\/p>\n<p>No s\u00e1bado, 18, \u00e0s 13h, o lance \u00e9 ir curtir a Feijoada Salve o Samba Carnavalesco na \u00e1rea de lazer da ASE. No palco Arruda, Unidos de Padre Miguel, Beijar-Flor e Mocidade.<\/p>\n<p>Vai bombar nesta 6\u00aa feira, 17, a cena eletr\u00f4nica com Ekanta, na Danke Club.<\/p>\n<p>Com as bandas Sem Cabe\u00e7a &amp; Banda e Calango do Engenho, o s\u00e1bado 18 recebe a festa Folcl\u00f3rica no Bananal. Ser\u00e1 \u00e0s 14h, em Bananal.<\/p>\n<p>O Pub\u2019s vai estremecer neste s\u00e1bado, 18, com a festa Groove Love. A partir das 23h, tem os eletrizantes DJ\u2019s Loch, Alliance, Fl\u00e1via Pessoa, Finestra, Trickster, Maioli e o super Laguardia B28 Melkevick.<\/p>\n<p>No Public tem o som pop rock e blues, com Victor Cunha, \u00e0s 20h, no s\u00e1bado, 18 de novembro.<\/p>\n<p>Elegante e discreta, Fl\u00e1via Halfeld vai comemorar anivers\u00e1rio no dia 16 de dezembro recebendo para almo\u00e7o, amigos e familiares no sal\u00e3o de festa de seu pr\u00e9dio na rua Ant\u00f4nio Carlos.<\/p>\n<p>Foi no Berttu\u2019s o jantar de confraterniza\u00e7\u00e3o dos m\u00e9dicos homeopatas, em comemora\u00e7\u00e3o aos 25 anos do departamento da especialidade na Sociedade de Medicina e Cirurgia de Juiz de Fora.<\/p>\n<p>De beleza impactante os quadros da artista pl\u00e1stica Fl\u00e1via Paula que foram expostos na Livraria Saraiva, no Independ\u00eancia Shopping.<\/p>\n<p>At\u00e9 o dia 24 de novembro, acontece em grande estilo o I Festival Gastron\u00f4mico de Barbacena. O cen\u00e1rio \u00e9 o Hotel Grogot\u00f3 com chancela do Senac. Merci pelo convite.<\/p>\n<p>Para o dia 9 de dezembro, o Capit\u00f3lio recebe o grandioso show Grande Encontro, reunindo no palco os cantores Alceu Valen\u00e7a, Elba Ramalho e Geraldo Azevedo.<\/p>\n<p>Helenise Machado reuniu amigos para comemorar idade nova no Bar Mar de Minas. Por l\u00e1 curtindo muitas cervejotas, Beto Souza, Sandra Portella, Wildemar Aquino, V\u00e2nia Borato e Petterson Marciano.<\/p>\n<p>Ismael Reis, bambamban ubaense, em parceria com Adriana Barros, lan\u00e7a em dezembro no Cascatinha, a linha de lindos m\u00f3veis, da Sier.<\/p>\n<p>Agendado para 30 de novembro, na C\u00e2mara Municipal de Juiz de Fora, a entrega da \u201cMedalha Nelson Silva\u201d.<\/p>\n<p>Para anotar: Se arroz com feij\u00e3o t\u00e1 na moda, paz e amor tamb\u00e9m est\u00e1. Bom dia!<\/p>\n","protected":false},"excerpt":{"rendered":"<p>Em FocoSer\u00e1 dia 22 de novembro, \u00e0s 19h, a palestra com a m\u00e9dica-psiquiatra Elimar Jacob Salzer Rodrigues, no Lact\u00e1rio S\u00e3o Jos\u00e9 da ADPI, na Rua Esp\u00edrito Santo, n\u00ba 925. O tema ser\u00e1 Porque nos Apaixonamos. A doa\u00e7\u00e3o facultativa \u00e9 em Leite em p\u00f3. Pen\u00fariaUm amigo deste colunista que foi comiss\u00e1rio de bordo falou que mais [&hellip;]<\/p>\n","protected":false},"author":96,"featured_media":85368,"comment_status":"closed","ping_status":"closed","sticky":false,"template":"","format":"standard","meta":{"footnotes":""},"categories":[264],"tags":[],"class_list":["post-85382","post","type-post","status-publish","format-standard","has-post-thumbnail","hentry","category-eduardo-gomes"],"_links":{"self":[{"href":"https:\/\/diarioregionaldigital.com.br\/index.php?rest_route=\/wp\/v2\/posts\/85382","targetHints":{"allow":["GET"]}}],"collection":[{"href":"https:\/\/diarioregionaldigital.com.br\/index.php?rest_route=\/wp\/v2\/posts"}],"about":[{"href":"https:\/\/diarioregionaldigital.com.br\/index.php?rest_route=\/wp\/v2\/types\/post"}],"author":[{"embeddable":true,"href":"https:\/\/diarioregionaldigital.com.br\/index.php?rest_route=\/wp\/v2\/users\/96"}],"replies":[{"embeddable":true,"href":"https:\/\/diarioregionaldigital.com.br\/index.php?rest_route=%2Fwp%2Fv2%2Fcomments&post=85382"}],"version-history":[{"count":0,"href":"https:\/\/diarioregionaldigital.com.br\/index.php?rest_route=\/wp\/v2\/posts\/85382\/revisions"}],"wp:featuredmedia":[{"embeddable":true,"href":"https:\/\/diarioregionaldigital.com.br\/index.php?rest_route=\/wp\/v2\/media\/85368"}],"wp:attachment":[{"href":"https:\/\/diarioregionaldigital.com.br\/index.php?rest_route=%2Fwp%2Fv2%2Fmedia&parent=85382"}],"wp:term":[{"taxonomy":"category","embeddable":true,"href":"https:\/\/diarioregionaldigital.com.br\/index.php?rest_route=%2Fwp%2Fv2%2Fcategories&post=85382"},{"taxonomy":"post_tag","embeddable":true,"href":"https:\/\/diarioregionaldigital.com.br\/index.php?rest_route=%2Fwp%2Fv2%2Ftags&post=85382"}],"curies":[{"name":"wp","href":"https:\/\/api.w.org\/{rel}","templated":true}]}}