{"id":85367,"date":"2017-11-16T20:31:15","date_gmt":"2017-11-16T22:31:15","guid":{"rendered":"http:\/\/diarioregionaljf.com.br\/2017\/11\/16\/policia-federal-vai-usar-biometria-do-eleitor-para-emitir-passaporte\/"},"modified":"2017-11-16T20:31:15","modified_gmt":"2017-11-16T22:31:15","slug":"policia-federal-vai-usar-biometria-do-eleitor-para-emitir-passaporte","status":"publish","type":"post","link":"https:\/\/diarioregionaldigital.com.br\/?p=85367","title":{"rendered":"Pol\u00edcia Federal vai usar biometria do eleitor para emitir passaporte"},"content":{"rendered":"<p>O Tribunal Superior Eleitoral (TSE) e a Pol\u00edcia Federal (PF) assinaram nessa quinta-feira, 16, um conv\u00eanio para troca de informa\u00e7\u00f5es dos bancos de dados das duas institui\u00e7\u00f5es. Com a medida, a PF vai utilizar o cadastro biom\u00e9trico de eleitores na emiss\u00e3o de passaportes. Dessa forma, o cidad\u00e3o que fez a biometria nos postos eleitorais n\u00e3o precisar\u00e1 fazer novamente a leitura das digitais ao comparecer aos postos da PF para obter o documento. Os dados tamb\u00e9m ser\u00e3o usados nas investiga\u00e7\u00f5es da corpora\u00e7\u00e3o.<\/p>\n<p>De acordo com o diretor-geral da PF, Fernando Segovia, o compartilhamento poder\u00e1 reduzir o tempo de atendimento nos postos em at\u00e9 60%. A data para in\u00edcio da comodidade n\u00e3o foi definida.<\/p>\n<p>\u201cO que a gente busca \u00e9 facilitar a vida do cidad\u00e3o brasileiro. Quando ele [o cidad\u00e3o] j\u00e1 estiver na base de dados da Pol\u00edcia Federal e estiver na base de dados do TSE, em qualquer processo de renova\u00e7\u00e3o de passaporte, ele vai reduzir esse tempo de atendimento em at\u00e9 60%. Com isso, a gente espera que o cidad\u00e3o n\u00e3o precise mais ficar fazendo colheita de impress\u00f5es digitais\u201d, disse Segovia.<\/p>\n<p>Na avalia\u00e7\u00e3o do presidente do TSE, ministro Gilmar Mendes, a troca de informa\u00e7\u00f5es tamb\u00e9m ser\u00e1 usada para identifica\u00e7\u00e3o de fraudes e falsifica\u00e7\u00f5es nas elei\u00e7\u00f5es.<\/p>\n<p>\u201cJ\u00e1 temos algum trabalho no sentido de identifica\u00e7\u00e3o desses casos de duplicidade ou de falsifica\u00e7\u00e3o [de t\u00edtulos]. A pol\u00edcia nos tem ajudado na quest\u00e3o de presta\u00e7\u00e3o de contas e de identifica\u00e7\u00e3o dos desvios, pr\u00e1ticas que determinadas pessoas costumam desenvolver. Em suma, temos tido parceria bastante intensa e isso vai continuar\u201d, disse Mendes.<\/p>\n<p>A Justi\u00e7a Eleitoral j\u00e1 identificou 46,43% do total de eleitores brasileiros por meio da biometria, o equivalente a 68 milh\u00f5es de brasileiros. A expectativa \u00e9 que 100% dos eleitores sejam cadastrados pelas digitais at\u00e9 2022.<\/p>\n<p>Fonte: Ag\u00eancia Brasil<\/p>\n","protected":false},"excerpt":{"rendered":"<p>O Tribunal Superior Eleitoral (TSE) e a Pol\u00edcia Federal (PF) assinaram nessa quinta-feira, 16, um conv\u00eanio para troca de informa\u00e7\u00f5es dos bancos de dados das duas institui\u00e7\u00f5es. Com a medida, a PF vai utilizar o cadastro biom\u00e9trico de eleitores na emiss\u00e3o de passaportes. Dessa forma, o cidad\u00e3o que fez a biometria nos postos eleitorais n\u00e3o [&hellip;]<\/p>\n","protected":false},"author":96,"featured_media":85366,"comment_status":"closed","ping_status":"closed","sticky":false,"template":"","format":"standard","meta":{"footnotes":""},"categories":[254],"tags":[],"class_list":["post-85367","post","type-post","status-publish","format-standard","has-post-thumbnail","hentry","category-politica"],"_links":{"self":[{"href":"https:\/\/diarioregionaldigital.com.br\/index.php?rest_route=\/wp\/v2\/posts\/85367","targetHints":{"allow":["GET"]}}],"collection":[{"href":"https:\/\/diarioregionaldigital.com.br\/index.php?rest_route=\/wp\/v2\/posts"}],"about":[{"href":"https:\/\/diarioregionaldigital.com.br\/index.php?rest_route=\/wp\/v2\/types\/post"}],"author":[{"embeddable":true,"href":"https:\/\/diarioregionaldigital.com.br\/index.php?rest_route=\/wp\/v2\/users\/96"}],"replies":[{"embeddable":true,"href":"https:\/\/diarioregionaldigital.com.br\/index.php?rest_route=%2Fwp%2Fv2%2Fcomments&post=85367"}],"version-history":[{"count":0,"href":"https:\/\/diarioregionaldigital.com.br\/index.php?rest_route=\/wp\/v2\/posts\/85367\/revisions"}],"wp:featuredmedia":[{"embeddable":true,"href":"https:\/\/diarioregionaldigital.com.br\/index.php?rest_route=\/wp\/v2\/media\/85366"}],"wp:attachment":[{"href":"https:\/\/diarioregionaldigital.com.br\/index.php?rest_route=%2Fwp%2Fv2%2Fmedia&parent=85367"}],"wp:term":[{"taxonomy":"category","embeddable":true,"href":"https:\/\/diarioregionaldigital.com.br\/index.php?rest_route=%2Fwp%2Fv2%2Fcategories&post=85367"},{"taxonomy":"post_tag","embeddable":true,"href":"https:\/\/diarioregionaldigital.com.br\/index.php?rest_route=%2Fwp%2Fv2%2Ftags&post=85367"}],"curies":[{"name":"wp","href":"https:\/\/api.w.org\/{rel}","templated":true}]}}