{"id":85365,"date":"2017-11-16T20:17:40","date_gmt":"2017-11-16T22:17:40","guid":{"rendered":"http:\/\/diarioregionaljf.com.br\/2017\/11\/16\/policias-civil-e-militar-realizam-operacao-de-combate-ao-trafico-de-drogas-em-lima-duarte\/"},"modified":"2017-11-16T20:17:40","modified_gmt":"2017-11-16T22:17:40","slug":"policias-civil-e-militar-realizam-operacao-de-combate-ao-trafico-de-drogas-em-lima-duarte","status":"publish","type":"post","link":"https:\/\/diarioregionaldigital.com.br\/?p=85365","title":{"rendered":"Pol\u00edcias Civil e Militar realizam opera\u00e7\u00e3o de combate ao tr\u00e1fico de drogas em Lima Duarte"},"content":{"rendered":"<p>A Pol\u00edcia Civil de Minas Gerais (PCMG), em opera\u00e7\u00e3o conjunta com a Pol\u00edcia Militar (PM), realizou, em Lima Duarte, nesta quinta-feira, 16, uma opera\u00e7\u00e3o de combate ao tr\u00e1fico de drogas. Durante a a\u00e7\u00e3o, foram cumpridos cinco mandados de pris\u00e3o e dez mandados de busca e apreens\u00e3o, culminando na pris\u00e3o em flagrante de quatro indiv\u00edduos e na apreens\u00e3o de drogas. Um dos mandados de pris\u00e3o tamb\u00e9m foi cumprido em Juiz de Fora. O resultado da a\u00e7\u00e3o, at\u00e9 o presente momento, \u00e9 a pris\u00e3o de cinco pessoas em flagrante delito e cinco presas preventivamente.<\/p>\n<p>As investiga\u00e7\u00f5es, que duraram cerca de dois meses, apontaram a exist\u00eancia de uma organiza\u00e7\u00e3o criminosa que operava o tr\u00e1fico de drogas na cidade, com a identifica\u00e7\u00e3o do respons\u00e1vel por levar a droga para o local, bem como repass\u00e1-la a terceiros, inclusive com a utiliza\u00e7\u00e3o de adolescentes. De acordo com o Delegado Jos\u00e9 M\u00e1rcio de Almeida Lopes, foram identificados, ainda, quem seriam os respons\u00e1veis pela revenda de drogas para o chefe da quadrilha, os respons\u00e1veis por atuar como &#8220;olheiros\u201d e os respons\u00e1veis por cobran\u00e7as e oculta\u00e7\u00e3o das drogas.<br \/>Durante as apura\u00e7\u00f5es, um jovem de 23 anos que j\u00e1 havia sido preso pelo cometimento do crime de tr\u00e1fico de drogas, foi identificado. \u201cFoi apurado que esse homem faz parte da organiza\u00e7\u00e3o criminosa presa na data de hoje (16), sendo ele a pessoa mais pr\u00f3xima do l\u00edder do grupo\u201d, informou.<\/p>\n<p>Conforme o Delegado Jos\u00e9 M\u00e1rcio, esse servi\u00e7o comprova o comprometimento do trabalho da Pol\u00edcia Civil em combater o tr\u00e1fico de drogas, \u201cque, sem sombra de d\u00favidas, \u00e9 o maior fomentador das outras pr\u00e1ticas criminosas\u201d, ressaltou. O Delegado afirma que o maior respons\u00e1vel pela venda de drogas na cidade foi preso na presente data e que as investiga\u00e7\u00f5es v\u00e3o continuar.<\/p>\n<p>A a\u00e7\u00e3o de hoje mobilizou mais de 30 policiais civis e militares, bem como c\u00e3es da Rondas Ostensivas Com C\u00e3es (ROCCA) da Pol\u00edcia Militar.<\/p>\n<p>&nbsp;<\/p>\n<p>Fonte: Assessoria PC<\/p>\n","protected":false},"excerpt":{"rendered":"<p>A Pol\u00edcia Civil de Minas Gerais (PCMG), em opera\u00e7\u00e3o conjunta com a Pol\u00edcia Militar (PM), realizou, em Lima Duarte, nesta quinta-feira, 16, uma opera\u00e7\u00e3o de combate ao tr\u00e1fico de drogas. Durante a a\u00e7\u00e3o, foram cumpridos cinco mandados de pris\u00e3o e dez mandados de busca e apreens\u00e3o, culminando na pris\u00e3o em flagrante de quatro indiv\u00edduos e [&hellip;]<\/p>\n","protected":false},"author":96,"featured_media":85364,"comment_status":"closed","ping_status":"closed","sticky":false,"template":"","format":"standard","meta":{"footnotes":""},"categories":[252],"tags":[],"class_list":["post-85365","post","type-post","status-publish","format-standard","has-post-thumbnail","hentry","category-regiao"],"_links":{"self":[{"href":"https:\/\/diarioregionaldigital.com.br\/index.php?rest_route=\/wp\/v2\/posts\/85365","targetHints":{"allow":["GET"]}}],"collection":[{"href":"https:\/\/diarioregionaldigital.com.br\/index.php?rest_route=\/wp\/v2\/posts"}],"about":[{"href":"https:\/\/diarioregionaldigital.com.br\/index.php?rest_route=\/wp\/v2\/types\/post"}],"author":[{"embeddable":true,"href":"https:\/\/diarioregionaldigital.com.br\/index.php?rest_route=\/wp\/v2\/users\/96"}],"replies":[{"embeddable":true,"href":"https:\/\/diarioregionaldigital.com.br\/index.php?rest_route=%2Fwp%2Fv2%2Fcomments&post=85365"}],"version-history":[{"count":0,"href":"https:\/\/diarioregionaldigital.com.br\/index.php?rest_route=\/wp\/v2\/posts\/85365\/revisions"}],"wp:featuredmedia":[{"embeddable":true,"href":"https:\/\/diarioregionaldigital.com.br\/index.php?rest_route=\/wp\/v2\/media\/85364"}],"wp:attachment":[{"href":"https:\/\/diarioregionaldigital.com.br\/index.php?rest_route=%2Fwp%2Fv2%2Fmedia&parent=85365"}],"wp:term":[{"taxonomy":"category","embeddable":true,"href":"https:\/\/diarioregionaldigital.com.br\/index.php?rest_route=%2Fwp%2Fv2%2Fcategories&post=85365"},{"taxonomy":"post_tag","embeddable":true,"href":"https:\/\/diarioregionaldigital.com.br\/index.php?rest_route=%2Fwp%2Fv2%2Ftags&post=85365"}],"curies":[{"name":"wp","href":"https:\/\/api.w.org\/{rel}","templated":true}]}}