{"id":85363,"date":"2017-11-16T20:08:14","date_gmt":"2017-11-16T22:08:14","guid":{"rendered":"http:\/\/diarioregionaljf.com.br\/2017\/11\/16\/fiemg-regional-zona-da-mata-oferece-treinamento-sobre-estrategias-de-comunicacao\/"},"modified":"2017-11-16T20:08:14","modified_gmt":"2017-11-16T22:08:14","slug":"fiemg-regional-zona-da-mata-oferece-treinamento-sobre-estrategias-de-comunicacao","status":"publish","type":"post","link":"https:\/\/diarioregionaldigital.com.br\/?p=85363","title":{"rendered":"FIEMG Regional Zona da Mata oferece treinamento sobre estrat\u00e9gias de comunica\u00e7\u00e3o"},"content":{"rendered":"<p>O sucesso empresarial depende da compet\u00eancia, motiva\u00e7\u00e3o e envolvimento de suas lideran\u00e7as, e para um l\u00edder \u00e9 fundamental saber se comunicar de forma clara e eficiente com sua equipe.<\/p>\n<p>Com o intuito de promover o conhecimento nessa \u00e1rea, a FIEMG Regional Zona da Mata, em parceria com o Centro Industrial e Empresarial de Minas Gerais &#8211; CIEMG, realizar\u00e1 em Juiz de Fora mais uma edi\u00e7\u00e3o do treinamento \u201cEstrat\u00e9gias de Comunica\u00e7\u00e3o para L\u00edderes\u201d, no dia 23 de novembro, na unidade da Regional ZM.<\/p>\n<p>O evento ser\u00e1 realizado com apoio do Programa de Competitividade Industrial Regional (PCIR), que possui como principal objetivo aumentar a competitividade das ind\u00fastrias inseridas nas cadeias produtivas mais din\u00e2micas do Estado, por meio do fortalecimento das regionais FIEMG.<\/p>\n<p>O objetivo do curso ser\u00e1 orientar participantes acerca de pr\u00e1ticas estrat\u00e9gicas para se tornar um l\u00edder capaz de guiar, motivar, inspirar e desenvolver seus liderados, tendo como principal ferramenta uma lideran\u00e7a eficaz e uma comunica\u00e7\u00e3o assertiva, clara e eficiente.<\/p>\n<p>No conte\u00fado program\u00e1tico, ser\u00e3o abordados assuntos como as defini\u00e7\u00f5es de lideran\u00e7a e gest\u00e3o; modos de se comportar para se comunicar; modos de persuas\u00e3o e como realizar um feedback.<\/p>\n<p>Os conhecimentos ser\u00e3o transmitidos pelo instrutor Bedsen Rocha, psic\u00f3logo, coach, especialista em recursos humanos, p\u00f3s-graduado em gest\u00e3o estrat\u00e9gica de pessoas, com MBA em gest\u00e3o estrat\u00e9gica de marketing.<\/p>\n<p>&nbsp;<\/p>\n<p><strong>Treinamento Estrat\u00e9gias de Comunica\u00e7\u00e3o para L\u00edderes<\/strong><\/p>\n<p>DATA: 23 de novembro de 2017 (quinta-feira)<br \/>HOR\u00c1RIO: 8h30 \u00e0s 17h30<br \/>LOCAL: FIEMG REGIONAL ZONA DA MATA \u2013 Av. Garcia Rodrigues Paes, n\u00ba12.395, Bairro Industrial, Juiz de Fora<br \/>INVESTIMENTO: R$100 para associados ao CIEMG e filiados aos sindicatos vinculados \u00e0 FIEMG e R$150 para n\u00e3o associados.<br \/>As inscri\u00e7\u00f5es podem ser feitas atrav\u00e9s do e-mail relacoeszm@fiemg.com.br, pelo telefone (32) 3249-1028 ou online, <a href=\"http:\/\/www7.fiemg.com.br\/regionais\/zona-da-mata\/eventos\/detalhe\/Estrategias-de-comunicacao-para-lideres\" target=\"_blank\" rel=\"noopener noreferrer\">neste link<\/a>.<\/p>\n<p>&nbsp;<\/p>\n<p>Fonte: Assessoria<\/p>\n","protected":false},"excerpt":{"rendered":"<p>O sucesso empresarial depende da compet\u00eancia, motiva\u00e7\u00e3o e envolvimento de suas lideran\u00e7as, e para um l\u00edder \u00e9 fundamental saber se comunicar de forma clara e eficiente com sua equipe. Com o intuito de promover o conhecimento nessa \u00e1rea, a FIEMG Regional Zona da Mata, em parceria com o Centro Industrial e Empresarial de Minas Gerais [&hellip;]<\/p>\n","protected":false},"author":96,"featured_media":85362,"comment_status":"closed","ping_status":"closed","sticky":false,"template":"","format":"standard","meta":{"footnotes":""},"categories":[252],"tags":[],"class_list":["post-85363","post","type-post","status-publish","format-standard","has-post-thumbnail","hentry","category-regiao"],"_links":{"self":[{"href":"https:\/\/diarioregionaldigital.com.br\/index.php?rest_route=\/wp\/v2\/posts\/85363","targetHints":{"allow":["GET"]}}],"collection":[{"href":"https:\/\/diarioregionaldigital.com.br\/index.php?rest_route=\/wp\/v2\/posts"}],"about":[{"href":"https:\/\/diarioregionaldigital.com.br\/index.php?rest_route=\/wp\/v2\/types\/post"}],"author":[{"embeddable":true,"href":"https:\/\/diarioregionaldigital.com.br\/index.php?rest_route=\/wp\/v2\/users\/96"}],"replies":[{"embeddable":true,"href":"https:\/\/diarioregionaldigital.com.br\/index.php?rest_route=%2Fwp%2Fv2%2Fcomments&post=85363"}],"version-history":[{"count":0,"href":"https:\/\/diarioregionaldigital.com.br\/index.php?rest_route=\/wp\/v2\/posts\/85363\/revisions"}],"wp:featuredmedia":[{"embeddable":true,"href":"https:\/\/diarioregionaldigital.com.br\/index.php?rest_route=\/wp\/v2\/media\/85362"}],"wp:attachment":[{"href":"https:\/\/diarioregionaldigital.com.br\/index.php?rest_route=%2Fwp%2Fv2%2Fmedia&parent=85363"}],"wp:term":[{"taxonomy":"category","embeddable":true,"href":"https:\/\/diarioregionaldigital.com.br\/index.php?rest_route=%2Fwp%2Fv2%2Fcategories&post=85363"},{"taxonomy":"post_tag","embeddable":true,"href":"https:\/\/diarioregionaldigital.com.br\/index.php?rest_route=%2Fwp%2Fv2%2Ftags&post=85363"}],"curies":[{"name":"wp","href":"https:\/\/api.w.org\/{rel}","templated":true}]}}