{"id":85361,"date":"2017-11-16T19:48:53","date_gmt":"2017-11-16T21:48:53","guid":{"rendered":"http:\/\/diarioregionaljf.com.br\/2017\/11\/16\/idoso-e-preso-apos-atropelar-e-matar-ciclistas-em-prados\/"},"modified":"2017-11-16T19:48:53","modified_gmt":"2017-11-16T21:48:53","slug":"idoso-e-preso-apos-atropelar-e-matar-ciclistas-em-prados","status":"publish","type":"post","link":"https:\/\/diarioregionaldigital.com.br\/?p=85361","title":{"rendered":"Idoso \u00e9 preso ap\u00f3s atropelar e matar ciclistas em Prados"},"content":{"rendered":"<p>Tr\u00eas ciclistas morreram em um acidente na tarde desta quarta-feira, 15, na rodovia LMG-809, em Prados, no Campo das Vertentes. De acordo com a Pol\u00edcia Militar (PM), eles foram atropelados por uma caminhonete. O condutor do ve\u00edculo estava embriagado e n\u00e3o prestou socorro \u00e0s v\u00edtimas. Ele foi preso em flagrante e est\u00e1 no Pres\u00eddio da cidade de Resende Costa.<\/p>\n<p>Segundo os militares, o motorista tentou fazer uma curva e perdeu o controle de dire\u00e7\u00e3o da caminhonete, que atingiu as v\u00edtimas, de 30, 57 e 60 anos. Dois deles morreram ainda no local e um foi socorrido pelo Servi\u00e7o de Atendimento M\u00f3vel de Urg\u00eancia (Samu) e levado para a Santa Casa de S\u00e3o Jo\u00e3o del Rei, mas n\u00e3o resistiu aos ferimentos e tamb\u00e9m faleceu.<\/p>\n<p>O condutor do carro tem 60 anos e \u00e9 natural de Barroso, tamb\u00e9m no Campo das Vertentes. Depois de fugir do local do acidente, ele foi localizado pela PM e passou pelo teste de etil\u00f4metro (baf\u00f4metro), que constatou que ele estava embriagado.<\/p>\n<p>Ele foi detido pelos militares e levado para a delegacia de S\u00e3o Jo\u00e3o del Rei, onde teve o flagrante confirmado pelo delegado de plant\u00e3o. O idoso est\u00e1 preso no Pres\u00eddio de Resende Costa e o caso deve ser investigado pela Pol\u00edcia Civil em Prados.<\/p>\n<p>&nbsp;<\/p>\n<p>Fonte: BarbacenaMais<\/p>\n","protected":false},"excerpt":{"rendered":"<p>Tr\u00eas ciclistas morreram em um acidente na tarde desta quarta-feira, 15, na rodovia LMG-809, em Prados, no Campo das Vertentes. De acordo com a Pol\u00edcia Militar (PM), eles foram atropelados por uma caminhonete. O condutor do ve\u00edculo estava embriagado e n\u00e3o prestou socorro \u00e0s v\u00edtimas. Ele foi preso em flagrante e est\u00e1 no Pres\u00eddio da [&hellip;]<\/p>\n","protected":false},"author":96,"featured_media":85360,"comment_status":"closed","ping_status":"closed","sticky":false,"template":"","format":"standard","meta":{"footnotes":""},"categories":[252],"tags":[],"class_list":["post-85361","post","type-post","status-publish","format-standard","has-post-thumbnail","hentry","category-regiao"],"_links":{"self":[{"href":"https:\/\/diarioregionaldigital.com.br\/index.php?rest_route=\/wp\/v2\/posts\/85361","targetHints":{"allow":["GET"]}}],"collection":[{"href":"https:\/\/diarioregionaldigital.com.br\/index.php?rest_route=\/wp\/v2\/posts"}],"about":[{"href":"https:\/\/diarioregionaldigital.com.br\/index.php?rest_route=\/wp\/v2\/types\/post"}],"author":[{"embeddable":true,"href":"https:\/\/diarioregionaldigital.com.br\/index.php?rest_route=\/wp\/v2\/users\/96"}],"replies":[{"embeddable":true,"href":"https:\/\/diarioregionaldigital.com.br\/index.php?rest_route=%2Fwp%2Fv2%2Fcomments&post=85361"}],"version-history":[{"count":0,"href":"https:\/\/diarioregionaldigital.com.br\/index.php?rest_route=\/wp\/v2\/posts\/85361\/revisions"}],"wp:featuredmedia":[{"embeddable":true,"href":"https:\/\/diarioregionaldigital.com.br\/index.php?rest_route=\/wp\/v2\/media\/85360"}],"wp:attachment":[{"href":"https:\/\/diarioregionaldigital.com.br\/index.php?rest_route=%2Fwp%2Fv2%2Fmedia&parent=85361"}],"wp:term":[{"taxonomy":"category","embeddable":true,"href":"https:\/\/diarioregionaldigital.com.br\/index.php?rest_route=%2Fwp%2Fv2%2Fcategories&post=85361"},{"taxonomy":"post_tag","embeddable":true,"href":"https:\/\/diarioregionaldigital.com.br\/index.php?rest_route=%2Fwp%2Fv2%2Ftags&post=85361"}],"curies":[{"name":"wp","href":"https:\/\/api.w.org\/{rel}","templated":true}]}}