{"id":85359,"date":"2017-11-16T19:47:33","date_gmt":"2017-11-16T21:47:33","guid":{"rendered":"http:\/\/diarioregionaljf.com.br\/2017\/11\/16\/dia-da-consciencia-negra-e-marcado-pela-luta-contra-o-racismo\/"},"modified":"2017-11-16T19:47:33","modified_gmt":"2017-11-16T21:47:33","slug":"dia-da-consciencia-negra-e-marcado-pela-luta-contra-o-racismo","status":"publish","type":"post","link":"https:\/\/diarioregionaldigital.com.br\/?p=85359","title":{"rendered":"Dia da Consci\u00eancia Negra \u00e9 marcado pela luta contra o racismo"},"content":{"rendered":"<p>O Dia da Consci\u00eancia Negra \u00e9 comemorado em 20 de novembro em todo o pa\u00eds. A data relembra o dia da morte de Zumbi dos Palmares, ocorrida em 1695, um escravo que foi l\u00edder do Quilombo dos Palmares e lutou at\u00e9 a sua morte contra a escravid\u00e3o.<\/p>\n<p>\u201c\u00c9 um dia importante, em que o negro \u00e9 lembrado, e as pessoas refletem sobre sua import\u00e2ncia. O Zumbi \u00e9 o nosso her\u00f3i, por isso temos que dar continuidade \u00e0 voz dele, pelos ideais que ele lutou, e a data nos remete a isso. Por\u00e9m, ao mesmo tempo, fico chateada, pois o negro na sociedade \u00e9 como um \u2018turista\u2019, s\u00f3 \u00e9 reconhecido em novembro\u201d, comenta Adenilde Petrina Bispo, integrante do coletivo \u201cOlhos da Rua\u201d.<\/p>\n<p>Desde 2003, a Lei 10.639, instituiu o ensino da Hist\u00f3ria e Cultura Afro-Brasileiras nas escolas, entretanto, Adenilde ressalta que ainda h\u00e1 dificuldades em falar sobre negros nessas institui\u00e7\u00f5es. \u201cA lei existe h\u00e1 mais de 13 anos, por\u00e9m s\u00e3o rar\u00edssimas as escolas que a cumprem. Talvez, se elas falassem mais sobre a hist\u00f3ria e a contribui\u00e7\u00e3o dos negros para a forma\u00e7\u00e3o do pa\u00eds, diminuiria, mesmo que pouco, o racismo que prevalece na sociedade\u201d, acredita. Ela tamb\u00e9m refor\u00e7a que \u00e9 preciso maior envolvimento da m\u00eddia. \u201cSe a m\u00eddia deixasse de enxergar a gente de forma negativa e mostrasse que n\u00e3o somos violentos, bandidos, e que na periferia existem coisas positivas, que temos artistas, dan\u00e7arinos, pintores, o mundo teria outra vis\u00e3o sobre n\u00f3s. Muitas pessoas negras merecem destaque, reconhecimento e nem todas s\u00e3o criminosas. O negro \u00e9 trabalhador, luta para sobreviver, faz arte, estuda e tem v\u00e1rias coisas boas que podem estampar as p\u00e1ginas da imprensa\u201d, complementa.<\/p>\n<p>&nbsp;<\/p>\n<h4>FERIADO E PREJU\u00cdZO AO COM\u00c9RCIO<\/h4>\n<p>Adotado em diversas cidades do pa\u00eds, neste ano, em Juiz de Fora, o Dia da Consci\u00eancia Negra n\u00e3o ser\u00e1 feriado. Isto porque, em mar\u00e7o do ano passado, o Tribunal de Justi\u00e7a de Minas Gerais (TJMG) acatou a A\u00e7\u00e3o Direta de Inconstitucionalidade (Adin) apresentada pela Federa\u00e7\u00e3o das Ind\u00fastrias do Estado de Minas Gerais (Fiemg) contra a institui\u00e7\u00e3o do dia 20 de novembro como feriado municipal.<\/p>\n<p>A Lei Municipal n\u00ba 13.242, de 20\/11\/15, de autoria do vereador Roberto Cupolillo (Bet\u00e3o-PT), incorporava a data no calend\u00e1rio de feriados da cidade.<\/p>\n<p><a href=\"politica\/8220-jf-nao-tera-feriado-do-dia-da-consciencia-negra\" target=\"_blank\" rel=\"noopener noreferrer\">Em material enviado \u00e0 imprensa em setembro de 2016<\/a>, a Fiemg ressalta que, apesar de seus fins louv\u00e1veis, ao instituir o feriado o munic\u00edpio \u201cviolou normas constitucionais que definem as compet\u00eancias materiais para cada um dos entes federativos legislarem\u201d, e extrapolou \u201cos limites de sua compet\u00eancia legislativa suplementar, interferiu nas rela\u00e7\u00f5es trabalhistas, pois implicar\u00e1 em interrup\u00e7\u00e3o de expediente, repouso remunerado, compensa\u00e7\u00e3o de jornada laboral, dentre outros, para os quais o munic\u00edpio n\u00e3o tem compet\u00eancia para legislar\u201d.<\/p>\n<p>A argumenta\u00e7\u00e3o da Fiemg foi que a cria\u00e7\u00e3o de feriados \u00e9 de atribui\u00e7\u00e3o exclusiva da Uni\u00e3o, podendo os munic\u00edpios instituir apenas feriados de natureza civil, desde que restrito aos dias de in\u00edcio e t\u00e9rmino do ano do centen\u00e1rio de sua funda\u00e7\u00e3o ou de natureza religiosa sendo, no m\u00e1ximo, quatro datas.<\/p>\n<p>No texto, o presidente da Fiemg Regional Zona da Mata, Francisco Campolina, ressalta que, em um dia de feriado no m\u00eas de novembro, deixariam de ser arrecadados aos cofres estaduais e municipais pelos setores de ind\u00fastria, com\u00e9rcio, servi\u00e7o e agropecu\u00e1ria R$2.524.942,10, referentes ao Imposto sobre Circula\u00e7\u00e3o de Mercadorias e Servi\u00e7os (ICMS), e R$521.610,16, referentes ao Imposto Sobre Servi\u00e7os de Qualquer Natureza (ISSQN), totalizando R$3.046.552,26.<\/p>\n<p>\u201cInfelizmente, a gente encontra pessoas com esse tipo de pensamento. Acreditar que um feriado n\u00e3o pode existir, pois ele causa preju\u00edzos, \u00e9 um absurdo. Em S\u00e3o Paulo, que \u00e9 a Meca do capitalismo do pa\u00eds, \u00e9 feriado. No Rio de Janeiro, uma das cidades mais ricas, \u00e9 feriado, por\u00e9m, em Juiz de Fora, esse pensamento rudimentar cr\u00ea que teremos preju\u00edzos. O comercio n\u00e3o enxerga potencial na data como forma de tirar proveito da folga das pessoas. \u00c9 uma vis\u00e3o anacr\u00f4nica, que n\u00e3o leva em conta a contribui\u00e7\u00e3o hist\u00f3rica do povo negro para o pa\u00eds\u201d, destaca o soci\u00f3logo Martvs Chagas.<\/p>\n<p>Atualmente o Projeto de Lei 296\/15, do deputado Valmir Assun\u00e7\u00e3o (PT-BA), est\u00e1 em tramita\u00e7\u00e3o para transformar a data em feriado nacional. Aprovado na Comiss\u00e3o de Constitui\u00e7\u00e3o, Justi\u00e7a e Cidadania, o projeto segue agora para an\u00e1lise do Plen\u00e1rio da C\u00e2mara.<\/p>\n<p>Gustavo Lemos, membro do grupo FlowKilla, defende a necessidade de se reconhecer o feriado nacionalmente. Ele tamb\u00e9m revela que sua luta contra o racismo tem sido di\u00e1ria. \u201cEu enxergo a sociedade como um ber\u00e7o de opress\u00e3o, \u00e9 o que vivo. Sou artista de rua e conhe\u00e7o bem o preconceito. \u00c9 como se tivesse que \u2018matar\u2019 um le\u00e3o por dia. Acredito que essa luta s\u00f3 deixar\u00e1 de existir atrav\u00e9s da informa\u00e7\u00e3o. Quanto mais as pessoas estudarem, conseguirem trocar ideias, quebrar tabus e abrir a mente, mais elas conhecem o que \u00e9 o racismo\u201d, conta.<br \/>Ainda segundo Lemos, \u00e9 preciso engajamento de todos. \u201cA luta n\u00e3o deve ser somente dos negros. O branco deve abra\u00e7ar mesmo n\u00e3os sabendo o que \u00e9 racismo. Eles precisam entender mais sobre o tema, questionar algumas de suas atitudes e aceitar que eles possuem privil\u00e9gios dentro da sociedade\u201d, refor\u00e7a.<\/p>\n","protected":false},"excerpt":{"rendered":"<p>O Dia da Consci\u00eancia Negra \u00e9 comemorado em 20 de novembro em todo o pa\u00eds. A data relembra o dia da morte de Zumbi dos Palmares, ocorrida em 1695, um escravo que foi l\u00edder do Quilombo dos Palmares e lutou at\u00e9 a sua morte contra a escravid\u00e3o. \u201c\u00c9 um dia importante, em que o negro [&hellip;]<\/p>\n","protected":false},"author":96,"featured_media":85358,"comment_status":"closed","ping_status":"closed","sticky":false,"template":"","format":"standard","meta":{"footnotes":""},"categories":[253],"tags":[],"class_list":["post-85359","post","type-post","status-publish","format-standard","has-post-thumbnail","hentry","category-cidade"],"_links":{"self":[{"href":"https:\/\/diarioregionaldigital.com.br\/index.php?rest_route=\/wp\/v2\/posts\/85359","targetHints":{"allow":["GET"]}}],"collection":[{"href":"https:\/\/diarioregionaldigital.com.br\/index.php?rest_route=\/wp\/v2\/posts"}],"about":[{"href":"https:\/\/diarioregionaldigital.com.br\/index.php?rest_route=\/wp\/v2\/types\/post"}],"author":[{"embeddable":true,"href":"https:\/\/diarioregionaldigital.com.br\/index.php?rest_route=\/wp\/v2\/users\/96"}],"replies":[{"embeddable":true,"href":"https:\/\/diarioregionaldigital.com.br\/index.php?rest_route=%2Fwp%2Fv2%2Fcomments&post=85359"}],"version-history":[{"count":0,"href":"https:\/\/diarioregionaldigital.com.br\/index.php?rest_route=\/wp\/v2\/posts\/85359\/revisions"}],"wp:featuredmedia":[{"embeddable":true,"href":"https:\/\/diarioregionaldigital.com.br\/index.php?rest_route=\/wp\/v2\/media\/85358"}],"wp:attachment":[{"href":"https:\/\/diarioregionaldigital.com.br\/index.php?rest_route=%2Fwp%2Fv2%2Fmedia&parent=85359"}],"wp:term":[{"taxonomy":"category","embeddable":true,"href":"https:\/\/diarioregionaldigital.com.br\/index.php?rest_route=%2Fwp%2Fv2%2Fcategories&post=85359"},{"taxonomy":"post_tag","embeddable":true,"href":"https:\/\/diarioregionaldigital.com.br\/index.php?rest_route=%2Fwp%2Fv2%2Ftags&post=85359"}],"curies":[{"name":"wp","href":"https:\/\/api.w.org\/{rel}","templated":true}]}}