{"id":85357,"date":"2017-11-16T19:27:38","date_gmt":"2017-11-16T21:27:38","guid":{"rendered":"http:\/\/diarioregionaljf.com.br\/2017\/11\/16\/carro-com-corpos-carbonizados-e-encontrado-em-estrada-proxima-a-uniao-industria\/"},"modified":"2017-11-16T19:27:38","modified_gmt":"2017-11-16T21:27:38","slug":"carro-com-corpos-carbonizados-e-encontrado-em-estrada-proxima-a-uniao-industria","status":"publish","type":"post","link":"https:\/\/diarioregionaldigital.com.br\/?p=85357","title":{"rendered":"Carro com corpos carbonizados \u00e9 encontrado em estrada pr\u00f3xima \u00e0 Uni\u00e3o Ind\u00fastria"},"content":{"rendered":"<p>ATUALIZADA \u00c0S 19H21, EM 16\/11\/2017<\/p>\n<p>Tr\u00eas corpos carbonizados foram encontrados na tarde dessa quinta-feira, 14, no interior de um ve\u00edculo em uma estrada pr\u00f3xima a Uni\u00e3o Ind\u00fastria, rodovia que liga Juiz de Fora ao munic\u00edpio de Matias Barbosa. De acordo com as informa\u00e7\u00f5es do Corpo de Bombeiros, quando foram acionados, parecia que seria apenas uma ocorr\u00eancia de inc\u00eandio.<\/p>\n<p>\u201cN\u00f3s fomos acionados por volta das 14h, via 193, para um inc\u00eandio em um ve\u00edculo. Os bombeiros fizeram o rescaldo do ve\u00edculo e encontraram os tr\u00eas corpos no interior do autom\u00f3vel\u201d, afirmou o tenente Evandro da Silva, assessor de comunica\u00e7\u00e3o do Corpo de Bombeiros.<\/p>\n<p>O ve\u00edculo estava estacionando no final da estrada de dif\u00edcil acesso na entrada da usina hidrel\u00e9trica de Joazal. \u201cAs chamas se iniciaram no autom\u00f3vel e se espalharam pela vegeta\u00e7\u00e3o ao redor e adentrou a \u00e1rea de preserva\u00e7\u00e3o da hidrel\u00e9trica. Foi queimado aproximadamente um hectare de vegeta\u00e7\u00e3o\u201d, disse o militar, ao afirmar que o fogo foi controlado.<\/p>\n<p>Ap\u00f3s os trabalhos, os bombeiros acionaram a Pol\u00edcia Militar (PM) para dar continuidade \u00e0 ocorr\u00eancia. \u201cA placa foi queimada. A \u00fanica parte que deu pra identificar \u00e9 que era da cidade de S\u00e3o Bernardo do Campo, por\u00e9m n\u00e3o posso afirmar se ela \u00e9 verdadeira\u201d, ponderou.<\/p>\n<p>Segundo o tenente da Pol\u00edcia Militar (PM), Saulo Gomes, ainda \u00e9 cedo para chegar a conclus\u00f5es. \u201cN\u00e3o temos maiores detalhes. A per\u00edcia precisa realizar o seu trabalho e apurar o que possivelmente possa ter ocorrido. Depois disso, podemos afirmar alguma coisa\u201d, falou Gomes.<\/p>\n<p>A Pol\u00edcia Civil que tamb\u00e9m esteve no local trabalha com a hip\u00f3tese de homic\u00eddio e que o local foi utilizado como desova, a\u00e7\u00e3o que n\u00e3o \u00e9 muito comum em Juiz de Fora.<\/p>\n<p>As informa\u00e7\u00f5es sobre a identidade, sexo, idade e a maneira que os indiv\u00edduos foram assassinados, se eles j\u00e1 estavam mortos antes do inc\u00eandio ou n\u00e3o, estar\u00e3o presentes no laudo do Instituto M\u00e9dico Legal (IML).<\/p>\n","protected":false},"excerpt":{"rendered":"<p>ATUALIZADA \u00c0S 19H21, EM 16\/11\/2017 Tr\u00eas corpos carbonizados foram encontrados na tarde dessa quinta-feira, 14, no interior de um ve\u00edculo em uma estrada pr\u00f3xima a Uni\u00e3o Ind\u00fastria, rodovia que liga Juiz de Fora ao munic\u00edpio de Matias Barbosa. De acordo com as informa\u00e7\u00f5es do Corpo de Bombeiros, quando foram acionados, parecia que seria apenas uma [&hellip;]<\/p>\n","protected":false},"author":96,"featured_media":85356,"comment_status":"closed","ping_status":"closed","sticky":false,"template":"","format":"standard","meta":{"footnotes":""},"categories":[253],"tags":[],"class_list":["post-85357","post","type-post","status-publish","format-standard","has-post-thumbnail","hentry","category-cidade"],"_links":{"self":[{"href":"https:\/\/diarioregionaldigital.com.br\/index.php?rest_route=\/wp\/v2\/posts\/85357","targetHints":{"allow":["GET"]}}],"collection":[{"href":"https:\/\/diarioregionaldigital.com.br\/index.php?rest_route=\/wp\/v2\/posts"}],"about":[{"href":"https:\/\/diarioregionaldigital.com.br\/index.php?rest_route=\/wp\/v2\/types\/post"}],"author":[{"embeddable":true,"href":"https:\/\/diarioregionaldigital.com.br\/index.php?rest_route=\/wp\/v2\/users\/96"}],"replies":[{"embeddable":true,"href":"https:\/\/diarioregionaldigital.com.br\/index.php?rest_route=%2Fwp%2Fv2%2Fcomments&post=85357"}],"version-history":[{"count":0,"href":"https:\/\/diarioregionaldigital.com.br\/index.php?rest_route=\/wp\/v2\/posts\/85357\/revisions"}],"wp:featuredmedia":[{"embeddable":true,"href":"https:\/\/diarioregionaldigital.com.br\/index.php?rest_route=\/wp\/v2\/media\/85356"}],"wp:attachment":[{"href":"https:\/\/diarioregionaldigital.com.br\/index.php?rest_route=%2Fwp%2Fv2%2Fmedia&parent=85357"}],"wp:term":[{"taxonomy":"category","embeddable":true,"href":"https:\/\/diarioregionaldigital.com.br\/index.php?rest_route=%2Fwp%2Fv2%2Fcategories&post=85357"},{"taxonomy":"post_tag","embeddable":true,"href":"https:\/\/diarioregionaldigital.com.br\/index.php?rest_route=%2Fwp%2Fv2%2Ftags&post=85357"}],"curies":[{"name":"wp","href":"https:\/\/api.w.org\/{rel}","templated":true}]}}