{"id":85331,"date":"2017-11-16T17:47:06","date_gmt":"2017-11-16T19:47:06","guid":{"rendered":"http:\/\/diarioregionaljf.com.br\/2017\/11\/16\/pjf-abre-inscricoes-ao-programa-de-fomento-a-projetos-turisticos-2018\/"},"modified":"2017-11-16T17:47:06","modified_gmt":"2017-11-16T19:47:06","slug":"pjf-abre-inscricoes-ao-programa-de-fomento-a-projetos-turisticos-2018","status":"publish","type":"post","link":"https:\/\/diarioregionaldigital.com.br\/?p=85331","title":{"rendered":"PJF abre inscri\u00e7\u00f5es ao Programa de Fomento a Projetos Tur\u00edsticos 2018"},"content":{"rendered":"<p>O Programa de Fomento a Projetos Tur\u00edsticos 2018 foi divulgado na ter\u00e7a-feira, 14, no site da Prefeitura de Juiz de Fora (PJF). Interessados em receber apoio financeiro\/institucional do munic\u00edpio durante o pr\u00f3ximo ano t\u00eam at\u00e9 15 de dezembro para inscrever seus projetos na sede da Secretaria de Desenvolvimento Econ\u00f4mico, Trabalho e Turismo (Sedettur), situada na Av. Brasil, n\u00ba2001, 10\u00ba andar, no hor\u00e1rio de 9h \u00e0s 11h e de 15h \u00e0s 17h, em dias \u00fateis. O edital \u00e9 oferecido pela Prefeitura, em parceria com o Conselho Municipal de Turismo de Juiz de Fora (Comtur JF).<\/p>\n<p>Podem participar pessoas jur\u00eddicas, sem fins lucrativos. Cada entidade\/institui\u00e7\u00e3o poder\u00e1 inscrever, no m\u00e1ximo, cinco projetos, a serem realizados no per\u00edodo de 1\u00ba de mar\u00e7o a 31 de dezembro de 2018. A quantidade de propostas a ser fomentada por meio do programa ser\u00e1 de, no m\u00e1ximo, 15, dentre 20 classificados, definidos de acordo com os nove crit\u00e9rios estabelecidos: fortalecimento de Juiz de Fora como destino tur\u00edstico, potencial de atratividade, inova\u00e7\u00e3o,indicadores, acessibilidade, sustentabilidade, igualdade e prote\u00e7\u00e3o, regionaliza\u00e7\u00e3o e exequibilidade.<\/p>\n<p>A fase de pr\u00e9-sele\u00e7\u00e3o ser\u00e1 entre os dias 18 de dezembro e 5 de janeiro de 2018, por comiss\u00e3o t\u00e9cnica do Comtur, composta por profissionais qualificados e com experi\u00eancia na an\u00e1lise e condu\u00e7\u00e3o de projetos. Os aprovados nesta fase seguir\u00e3o para habilita\u00e7\u00e3o jur\u00eddica e regularidade fiscal, homologa\u00e7\u00e3o e coopera\u00e7\u00e3o (celebra\u00e7\u00e3o do termo de fomento).<\/p>\n<p>Entre as novidades do edital est\u00e1 o fornecimento de parecer sobre os projetos classificados e n\u00e3o classificados pela comiss\u00e3o t\u00e9cnica do Comtur.<\/p>\n<p>&nbsp;<\/p>\n<p>Fonte: Assessoria<\/p>\n","protected":false},"excerpt":{"rendered":"<p>O Programa de Fomento a Projetos Tur\u00edsticos 2018 foi divulgado na ter\u00e7a-feira, 14, no site da Prefeitura de Juiz de Fora (PJF). Interessados em receber apoio financeiro\/institucional do munic\u00edpio durante o pr\u00f3ximo ano t\u00eam at\u00e9 15 de dezembro para inscrever seus projetos na sede da Secretaria de Desenvolvimento Econ\u00f4mico, Trabalho e Turismo (Sedettur), situada na [&hellip;]<\/p>\n","protected":false},"author":96,"featured_media":85330,"comment_status":"closed","ping_status":"closed","sticky":false,"template":"","format":"standard","meta":{"footnotes":""},"categories":[253],"tags":[],"class_list":["post-85331","post","type-post","status-publish","format-standard","has-post-thumbnail","hentry","category-cidade"],"_links":{"self":[{"href":"https:\/\/diarioregionaldigital.com.br\/index.php?rest_route=\/wp\/v2\/posts\/85331","targetHints":{"allow":["GET"]}}],"collection":[{"href":"https:\/\/diarioregionaldigital.com.br\/index.php?rest_route=\/wp\/v2\/posts"}],"about":[{"href":"https:\/\/diarioregionaldigital.com.br\/index.php?rest_route=\/wp\/v2\/types\/post"}],"author":[{"embeddable":true,"href":"https:\/\/diarioregionaldigital.com.br\/index.php?rest_route=\/wp\/v2\/users\/96"}],"replies":[{"embeddable":true,"href":"https:\/\/diarioregionaldigital.com.br\/index.php?rest_route=%2Fwp%2Fv2%2Fcomments&post=85331"}],"version-history":[{"count":0,"href":"https:\/\/diarioregionaldigital.com.br\/index.php?rest_route=\/wp\/v2\/posts\/85331\/revisions"}],"wp:featuredmedia":[{"embeddable":true,"href":"https:\/\/diarioregionaldigital.com.br\/index.php?rest_route=\/wp\/v2\/media\/85330"}],"wp:attachment":[{"href":"https:\/\/diarioregionaldigital.com.br\/index.php?rest_route=%2Fwp%2Fv2%2Fmedia&parent=85331"}],"wp:term":[{"taxonomy":"category","embeddable":true,"href":"https:\/\/diarioregionaldigital.com.br\/index.php?rest_route=%2Fwp%2Fv2%2Fcategories&post=85331"},{"taxonomy":"post_tag","embeddable":true,"href":"https:\/\/diarioregionaldigital.com.br\/index.php?rest_route=%2Fwp%2Fv2%2Ftags&post=85331"}],"curies":[{"name":"wp","href":"https:\/\/api.w.org\/{rel}","templated":true}]}}