{"id":85317,"date":"2017-11-16T11:18:39","date_gmt":"2017-11-16T13:18:39","guid":{"rendered":"http:\/\/diarioregionaljf.com.br\/2017\/11\/16\/bombeiros-combatem-incendio-em-oficina-no-bairro-ladeira\/"},"modified":"2017-11-16T11:18:39","modified_gmt":"2017-11-16T13:18:39","slug":"bombeiros-combatem-incendio-em-oficina-no-bairro-ladeira","status":"publish","type":"post","link":"https:\/\/diarioregionaldigital.com.br\/?p=85317","title":{"rendered":"Bombeiros combatem inc\u00eandio em oficina no bairro Ladeira"},"content":{"rendered":"<p>O Corpo de Bombeiros foi acionado na noite desta quarta-feira, 15, a fim de combater um inc\u00eandio em uma oficina no bairro Ladeira, localizado na zona Leste de Juiz de Fora.<\/p>\n<p>Os bombeiros foram acionados por volta das 19h20 e as chamas foram controladas por volta das 19h45. Foram gastos 2.500 litros de \u00e1gua para combater o fogo. Ningu\u00e9m ficou ferido.<\/p>\n<p>De acordo com os bombeiros, no local do ocorrido encontravam-se pneus, rodas de alum\u00ednios e m\u00f3veis. O propriet\u00e1rio n\u00e3o soube informar a poss\u00edvel causa do inc\u00eandio.<\/p>\n<p><img loading=\"lazy\" decoding=\"async\" class=\" size-full wp-image-85316\" src=\"http:\/\/diarioregionaljf.com.br\/wp-content\/uploads\/2017\/11\/diario-int-21273-1.jpeg\" alt=\"oficinalin\" width=\"449\" height=\"337\" srcset=\"https:\/\/diarioregionaldigital.com.br\/wp-content\/uploads\/2017\/11\/diario-int-21273-1.jpeg 1280w, https:\/\/diarioregionaldigital.com.br\/wp-content\/uploads\/2017\/11\/diario-int-21273-1-300x225.jpeg 300w, https:\/\/diarioregionaldigital.com.br\/wp-content\/uploads\/2017\/11\/diario-int-21273-1-768x576.jpeg 768w, https:\/\/diarioregionaldigital.com.br\/wp-content\/uploads\/2017\/11\/diario-int-21273-1-1024x768.jpeg 1024w, https:\/\/diarioregionaldigital.com.br\/wp-content\/uploads\/2017\/11\/diario-int-21273-1-360x270.jpeg 360w\" sizes=\"auto, (max-width: 449px) 100vw, 449px\" \/><\/p>\n<p>Fonte: Corpo de Bombeiros<\/p>\n","protected":false},"excerpt":{"rendered":"<p>O Corpo de Bombeiros foi acionado na noite desta quarta-feira, 15, a fim de combater um inc\u00eandio em uma oficina no bairro Ladeira, localizado na zona Leste de Juiz de Fora. Os bombeiros foram acionados por volta das 19h20 e as chamas foram controladas por volta das 19h45. Foram gastos 2.500 litros de \u00e1gua para [&hellip;]<\/p>\n","protected":false},"author":96,"featured_media":85315,"comment_status":"closed","ping_status":"closed","sticky":false,"template":"","format":"standard","meta":{"footnotes":""},"categories":[253],"tags":[],"class_list":["post-85317","post","type-post","status-publish","format-standard","has-post-thumbnail","hentry","category-cidade"],"_links":{"self":[{"href":"https:\/\/diarioregionaldigital.com.br\/index.php?rest_route=\/wp\/v2\/posts\/85317","targetHints":{"allow":["GET"]}}],"collection":[{"href":"https:\/\/diarioregionaldigital.com.br\/index.php?rest_route=\/wp\/v2\/posts"}],"about":[{"href":"https:\/\/diarioregionaldigital.com.br\/index.php?rest_route=\/wp\/v2\/types\/post"}],"author":[{"embeddable":true,"href":"https:\/\/diarioregionaldigital.com.br\/index.php?rest_route=\/wp\/v2\/users\/96"}],"replies":[{"embeddable":true,"href":"https:\/\/diarioregionaldigital.com.br\/index.php?rest_route=%2Fwp%2Fv2%2Fcomments&post=85317"}],"version-history":[{"count":0,"href":"https:\/\/diarioregionaldigital.com.br\/index.php?rest_route=\/wp\/v2\/posts\/85317\/revisions"}],"wp:featuredmedia":[{"embeddable":true,"href":"https:\/\/diarioregionaldigital.com.br\/index.php?rest_route=\/wp\/v2\/media\/85315"}],"wp:attachment":[{"href":"https:\/\/diarioregionaldigital.com.br\/index.php?rest_route=%2Fwp%2Fv2%2Fmedia&parent=85317"}],"wp:term":[{"taxonomy":"category","embeddable":true,"href":"https:\/\/diarioregionaldigital.com.br\/index.php?rest_route=%2Fwp%2Fv2%2Fcategories&post=85317"},{"taxonomy":"post_tag","embeddable":true,"href":"https:\/\/diarioregionaldigital.com.br\/index.php?rest_route=%2Fwp%2Fv2%2Ftags&post=85317"}],"curies":[{"name":"wp","href":"https:\/\/api.w.org\/{rel}","templated":true}]}}