{"id":85312,"date":"2017-11-15T17:45:42","date_gmt":"2017-11-15T19:45:42","guid":{"rendered":"http:\/\/diarioregionaljf.com.br\/2017\/11\/15\/homem-e-preso-por-porte-ilegal-de-arma-de-fogo-no-vila-esperanca\/"},"modified":"2017-11-15T17:45:42","modified_gmt":"2017-11-15T19:45:42","slug":"homem-e-preso-por-porte-ilegal-de-arma-de-fogo-no-vila-esperanca","status":"publish","type":"post","link":"https:\/\/diarioregionaldigital.com.br\/?p=85312","title":{"rendered":"Homem \u00e9 preso por porte ilegal de arma de fogo no Vila Esperan\u00e7a"},"content":{"rendered":"<p>Um homem, cuja idade n\u00e3o foi revelada, foi preso na tarde dessa quarta-feira, 15, por porte ilegal de arma de fogo no bairro Vila Esperan\u00e7a, zona Norte. Os militares foram informados pela Central de Opera\u00e7\u00f5es da Pol\u00edcia Militar (Copom) que um indiv\u00edduo teria realizado disparos de arma de fogo em uma rua do bairro.<\/p>\n<p>Os policiais foram at\u00e9 o local e ao se aproximarem do autor, ele tentou entrar em casa, por\u00e9m foi abordado pelos militares, que localizaram em sua cintura uma arma de fogo calibre 32, carregada com seis muni\u00e7\u00f5es.<\/p>\n<p>Dando continuidade a dilig\u00eancia, os militares realizaram buscas na resid\u00eancia do infrator e encontraram um cigarro de maconha, duas pedras de crack e uma balan\u00e7a de precis\u00e3o. O homem foi preso em flagrante e o material foi apreendido.<\/p>\n","protected":false},"excerpt":{"rendered":"<p>Um homem, cuja idade n\u00e3o foi revelada, foi preso na tarde dessa quarta-feira, 15, por porte ilegal de arma de fogo no bairro Vila Esperan\u00e7a, zona Norte. Os militares foram informados pela Central de Opera\u00e7\u00f5es da Pol\u00edcia Militar (Copom) que um indiv\u00edduo teria realizado disparos de arma de fogo em uma rua do bairro. Os [&hellip;]<\/p>\n","protected":false},"author":96,"featured_media":85311,"comment_status":"closed","ping_status":"closed","sticky":false,"template":"","format":"standard","meta":{"footnotes":""},"categories":[301],"tags":[],"class_list":["post-85312","post","type-post","status-publish","format-standard","has-post-thumbnail","hentry","category-artigos-policiais"],"_links":{"self":[{"href":"https:\/\/diarioregionaldigital.com.br\/index.php?rest_route=\/wp\/v2\/posts\/85312","targetHints":{"allow":["GET"]}}],"collection":[{"href":"https:\/\/diarioregionaldigital.com.br\/index.php?rest_route=\/wp\/v2\/posts"}],"about":[{"href":"https:\/\/diarioregionaldigital.com.br\/index.php?rest_route=\/wp\/v2\/types\/post"}],"author":[{"embeddable":true,"href":"https:\/\/diarioregionaldigital.com.br\/index.php?rest_route=\/wp\/v2\/users\/96"}],"replies":[{"embeddable":true,"href":"https:\/\/diarioregionaldigital.com.br\/index.php?rest_route=%2Fwp%2Fv2%2Fcomments&post=85312"}],"version-history":[{"count":0,"href":"https:\/\/diarioregionaldigital.com.br\/index.php?rest_route=\/wp\/v2\/posts\/85312\/revisions"}],"wp:featuredmedia":[{"embeddable":true,"href":"https:\/\/diarioregionaldigital.com.br\/index.php?rest_route=\/wp\/v2\/media\/85311"}],"wp:attachment":[{"href":"https:\/\/diarioregionaldigital.com.br\/index.php?rest_route=%2Fwp%2Fv2%2Fmedia&parent=85312"}],"wp:term":[{"taxonomy":"category","embeddable":true,"href":"https:\/\/diarioregionaldigital.com.br\/index.php?rest_route=%2Fwp%2Fv2%2Fcategories&post=85312"},{"taxonomy":"post_tag","embeddable":true,"href":"https:\/\/diarioregionaldigital.com.br\/index.php?rest_route=%2Fwp%2Fv2%2Ftags&post=85312"}],"curies":[{"name":"wp","href":"https:\/\/api.w.org\/{rel}","templated":true}]}}