{"id":85306,"date":"2017-11-15T11:17:32","date_gmt":"2017-11-15T13:17:32","guid":{"rendered":"http:\/\/diarioregionaljf.com.br\/2017\/11\/15\/casal-e-vitima-de-extorsao-no-jardim-dos-alfineiros\/"},"modified":"2017-11-15T11:17:32","modified_gmt":"2017-11-15T13:17:32","slug":"casal-e-vitima-de-extorsao-no-jardim-dos-alfineiros","status":"publish","type":"post","link":"https:\/\/diarioregionaldigital.com.br\/?p=85306","title":{"rendered":"Casal \u00e9 v\u00edtima de extors\u00e3o no Jardim dos Alfineiros"},"content":{"rendered":"<p>Um casal foi v\u00edtima de extors\u00e3o na noite dessa segunda-feira, 13, no bairro Jardim dos Alfineiros, zona Norte. O homem de 52 anos relatou aos policiais que por volta das 20h30, dois indiv\u00edduos em uma motocicleta foram at\u00e9 a sua resid\u00eancia e disseram que foram buscar uma quantia em dinheiro, que a esposa dele devia a um pastor. Al\u00e9m disso, eles tamb\u00e9m estariam com um documento do INSS para ele assinar.<\/p>\n<p>O homem negou-se a pagar e afirmou que j\u00e1 tinha quitado a d\u00edvida. Os autores retornaram mais tarde e estavam exaltados. Eles tentaram pular o muro da resid\u00eancia e disseram que efetuariam disparos de arma de fogo no local. De acordo com as v\u00edtimas, o tempo todo, os homens demonstraram que estavam armados, por\u00e9m n\u00e3o viram nenhum armamento.<\/p>\n<p>Diante da amea\u00e7a, a mulher de 55 anos entregou R$100 aos autores, que afirmaram que retornariam nessa ter\u00e7a-feira, 14, e tamb\u00e9m disseram \u201cvoc\u00ea tem que, pelo menos, pagar os honor\u00e1rios dele\u201d.<\/p>\n<p>De acordo com as v\u00edtimas, o crime teria ocorrido devido a uma d\u00edvida do homem com o pastor, pois eles teriam acordado o pagamento de R$1.950 mediante a entrada nos documentos para a aposentadoria da v\u00edtima. O homem afirmou que j\u00e1 efetuou o pagamento de R$600, e logo depois desse pagamento, n\u00e3o teve mais contato com o pastor, que segundo ele, teve diversos endere\u00e7os em um curto per\u00edodo de tempo, e por isso, n\u00e3o saberia informar onde ele reside no momento.<\/p>\n<p>As v\u00edtimas registram a ocorr\u00eancia na manh\u00e3 dessa ter\u00e7a.<\/p>\n","protected":false},"excerpt":{"rendered":"<p>Um casal foi v\u00edtima de extors\u00e3o na noite dessa segunda-feira, 13, no bairro Jardim dos Alfineiros, zona Norte. O homem de 52 anos relatou aos policiais que por volta das 20h30, dois indiv\u00edduos em uma motocicleta foram at\u00e9 a sua resid\u00eancia e disseram que foram buscar uma quantia em dinheiro, que a esposa dele devia [&hellip;]<\/p>\n","protected":false},"author":96,"featured_media":85305,"comment_status":"closed","ping_status":"closed","sticky":false,"template":"","format":"standard","meta":{"footnotes":""},"categories":[301],"tags":[],"class_list":["post-85306","post","type-post","status-publish","format-standard","has-post-thumbnail","hentry","category-artigos-policiais"],"_links":{"self":[{"href":"https:\/\/diarioregionaldigital.com.br\/index.php?rest_route=\/wp\/v2\/posts\/85306","targetHints":{"allow":["GET"]}}],"collection":[{"href":"https:\/\/diarioregionaldigital.com.br\/index.php?rest_route=\/wp\/v2\/posts"}],"about":[{"href":"https:\/\/diarioregionaldigital.com.br\/index.php?rest_route=\/wp\/v2\/types\/post"}],"author":[{"embeddable":true,"href":"https:\/\/diarioregionaldigital.com.br\/index.php?rest_route=\/wp\/v2\/users\/96"}],"replies":[{"embeddable":true,"href":"https:\/\/diarioregionaldigital.com.br\/index.php?rest_route=%2Fwp%2Fv2%2Fcomments&post=85306"}],"version-history":[{"count":0,"href":"https:\/\/diarioregionaldigital.com.br\/index.php?rest_route=\/wp\/v2\/posts\/85306\/revisions"}],"wp:featuredmedia":[{"embeddable":true,"href":"https:\/\/diarioregionaldigital.com.br\/index.php?rest_route=\/wp\/v2\/media\/85305"}],"wp:attachment":[{"href":"https:\/\/diarioregionaldigital.com.br\/index.php?rest_route=%2Fwp%2Fv2%2Fmedia&parent=85306"}],"wp:term":[{"taxonomy":"category","embeddable":true,"href":"https:\/\/diarioregionaldigital.com.br\/index.php?rest_route=%2Fwp%2Fv2%2Fcategories&post=85306"},{"taxonomy":"post_tag","embeddable":true,"href":"https:\/\/diarioregionaldigital.com.br\/index.php?rest_route=%2Fwp%2Fv2%2Ftags&post=85306"}],"curies":[{"name":"wp","href":"https:\/\/api.w.org\/{rel}","templated":true}]}}