{"id":85304,"date":"2017-11-15T10:43:59","date_gmt":"2017-11-15T12:43:59","guid":{"rendered":"http:\/\/diarioregionaljf.com.br\/2017\/11\/15\/taxista-e-passageiro-sao-alvos-de-disparos\/"},"modified":"2017-11-15T10:43:59","modified_gmt":"2017-11-15T12:43:59","slug":"taxista-e-passageiro-sao-alvos-de-disparos","status":"publish","type":"post","link":"https:\/\/diarioregionaldigital.com.br\/?p=85304","title":{"rendered":"Taxista e passageiro s\u00e3o alvos de disparos"},"content":{"rendered":"<p>Um taxista de 25 anos e o passageiro de 21 foram alvos de disparos de arma de fogo na madrugada dessa quarta-feira, 15, na Rua Beliz\u00e1rio de Castro, situada no bairro Graja\u00fa, zona Leste. O taxista relatou aos militares que transitava pelo Centro, quando o passageiro solicitou uma corrida at\u00e9 o bairro Graja\u00fa. J\u00e1 na rua informada, o passageiro lhe pediu que aguardasse por alguns minutos, pois estava esperando a sua namorada.<\/p>\n<p>Ap\u00f3s 40 minutos de espera, um indiv\u00edduo chegou e efetuou v\u00e1rios disparos na dire\u00e7\u00e3o do passageiro, sendo que um dos tiros lhe atingiu nas costas e outro acertou na orelha do taxista. Para fugir dos demais disparos, a v\u00edtima entrou na casa da namorada.<\/p>\n<p>Os homens foram socorridos pelo Corpo de Bombeiros e encaminhados ao Hospital de Pronto Socorro (HPS), onde est\u00e3o em observa\u00e7\u00e3o e sem risco de morte. A per\u00edcia tamb\u00e9m compareceu no local e realizou os trabalhos de praxe.<\/p>\n<p>Os policiais ainda n\u00e3o localizaram o autor de disparos.<\/p>\n","protected":false},"excerpt":{"rendered":"<p>Um taxista de 25 anos e o passageiro de 21 foram alvos de disparos de arma de fogo na madrugada dessa quarta-feira, 15, na Rua Beliz\u00e1rio de Castro, situada no bairro Graja\u00fa, zona Leste. O taxista relatou aos militares que transitava pelo Centro, quando o passageiro solicitou uma corrida at\u00e9 o bairro Graja\u00fa. J\u00e1 na [&hellip;]<\/p>\n","protected":false},"author":96,"featured_media":85303,"comment_status":"closed","ping_status":"closed","sticky":false,"template":"","format":"standard","meta":{"footnotes":""},"categories":[301],"tags":[],"class_list":["post-85304","post","type-post","status-publish","format-standard","has-post-thumbnail","hentry","category-artigos-policiais"],"_links":{"self":[{"href":"https:\/\/diarioregionaldigital.com.br\/index.php?rest_route=\/wp\/v2\/posts\/85304","targetHints":{"allow":["GET"]}}],"collection":[{"href":"https:\/\/diarioregionaldigital.com.br\/index.php?rest_route=\/wp\/v2\/posts"}],"about":[{"href":"https:\/\/diarioregionaldigital.com.br\/index.php?rest_route=\/wp\/v2\/types\/post"}],"author":[{"embeddable":true,"href":"https:\/\/diarioregionaldigital.com.br\/index.php?rest_route=\/wp\/v2\/users\/96"}],"replies":[{"embeddable":true,"href":"https:\/\/diarioregionaldigital.com.br\/index.php?rest_route=%2Fwp%2Fv2%2Fcomments&post=85304"}],"version-history":[{"count":0,"href":"https:\/\/diarioregionaldigital.com.br\/index.php?rest_route=\/wp\/v2\/posts\/85304\/revisions"}],"wp:featuredmedia":[{"embeddable":true,"href":"https:\/\/diarioregionaldigital.com.br\/index.php?rest_route=\/wp\/v2\/media\/85303"}],"wp:attachment":[{"href":"https:\/\/diarioregionaldigital.com.br\/index.php?rest_route=%2Fwp%2Fv2%2Fmedia&parent=85304"}],"wp:term":[{"taxonomy":"category","embeddable":true,"href":"https:\/\/diarioregionaldigital.com.br\/index.php?rest_route=%2Fwp%2Fv2%2Fcategories&post=85304"},{"taxonomy":"post_tag","embeddable":true,"href":"https:\/\/diarioregionaldigital.com.br\/index.php?rest_route=%2Fwp%2Fv2%2Ftags&post=85304"}],"curies":[{"name":"wp","href":"https:\/\/api.w.org\/{rel}","templated":true}]}}