{"id":85302,"date":"2017-11-15T10:20:54","date_gmt":"2017-11-15T12:20:54","guid":{"rendered":"http:\/\/diarioregionaljf.com.br\/2017\/11\/15\/jovem-e-assassinado-no-grajau\/"},"modified":"2017-11-15T10:20:54","modified_gmt":"2017-11-15T12:20:54","slug":"jovem-e-assassinado-no-grajau","status":"publish","type":"post","link":"https:\/\/diarioregionaldigital.com.br\/?p=85302","title":{"rendered":"Jovem \u00e9 assassinado no Graja\u00fa"},"content":{"rendered":"<p>Um jovem de 21 anos foi assassinado na tarde dessa ter\u00e7a-feira, 14, na Rua Nossa Senhora do L\u00edbano, localizada no bairro Graja\u00fa, zona Leste. De acordo com o registro da ocorr\u00eancia, dois indiv\u00edduos, em uma motocicleta, efetuaram disparos contra v\u00edtima e fugiram em dire\u00e7\u00e3o ao bairro Nossa Senhora Aparecida, na mesma regi\u00e3o.<\/p>\n<p>A v\u00edtima foi socorrida pelo Samu e levada ao Hospital de Pronto Socorro (HPS), mas chegou sem vida na unidade. A per\u00edcia tamb\u00e9m foi acionada, que apreendeu dois cartuchos de pistola e um cigarro de maconha que estava ao lado do corpo do jovem.<\/p>\n","protected":false},"excerpt":{"rendered":"<p>Um jovem de 21 anos foi assassinado na tarde dessa ter\u00e7a-feira, 14, na Rua Nossa Senhora do L\u00edbano, localizada no bairro Graja\u00fa, zona Leste. De acordo com o registro da ocorr\u00eancia, dois indiv\u00edduos, em uma motocicleta, efetuaram disparos contra v\u00edtima e fugiram em dire\u00e7\u00e3o ao bairro Nossa Senhora Aparecida, na mesma regi\u00e3o. A v\u00edtima foi [&hellip;]<\/p>\n","protected":false},"author":96,"featured_media":85301,"comment_status":"closed","ping_status":"closed","sticky":false,"template":"","format":"standard","meta":{"footnotes":""},"categories":[301],"tags":[],"class_list":["post-85302","post","type-post","status-publish","format-standard","has-post-thumbnail","hentry","category-artigos-policiais"],"_links":{"self":[{"href":"https:\/\/diarioregionaldigital.com.br\/index.php?rest_route=\/wp\/v2\/posts\/85302","targetHints":{"allow":["GET"]}}],"collection":[{"href":"https:\/\/diarioregionaldigital.com.br\/index.php?rest_route=\/wp\/v2\/posts"}],"about":[{"href":"https:\/\/diarioregionaldigital.com.br\/index.php?rest_route=\/wp\/v2\/types\/post"}],"author":[{"embeddable":true,"href":"https:\/\/diarioregionaldigital.com.br\/index.php?rest_route=\/wp\/v2\/users\/96"}],"replies":[{"embeddable":true,"href":"https:\/\/diarioregionaldigital.com.br\/index.php?rest_route=%2Fwp%2Fv2%2Fcomments&post=85302"}],"version-history":[{"count":0,"href":"https:\/\/diarioregionaldigital.com.br\/index.php?rest_route=\/wp\/v2\/posts\/85302\/revisions"}],"wp:featuredmedia":[{"embeddable":true,"href":"https:\/\/diarioregionaldigital.com.br\/index.php?rest_route=\/wp\/v2\/media\/85301"}],"wp:attachment":[{"href":"https:\/\/diarioregionaldigital.com.br\/index.php?rest_route=%2Fwp%2Fv2%2Fmedia&parent=85302"}],"wp:term":[{"taxonomy":"category","embeddable":true,"href":"https:\/\/diarioregionaldigital.com.br\/index.php?rest_route=%2Fwp%2Fv2%2Fcategories&post=85302"},{"taxonomy":"post_tag","embeddable":true,"href":"https:\/\/diarioregionaldigital.com.br\/index.php?rest_route=%2Fwp%2Fv2%2Ftags&post=85302"}],"curies":[{"name":"wp","href":"https:\/\/api.w.org\/{rel}","templated":true}]}}