{"id":85300,"date":"2017-11-15T09:50:37","date_gmt":"2017-11-15T11:50:37","guid":{"rendered":"http:\/\/diarioregionaljf.com.br\/2017\/11\/15\/settra-interdita-rua-no-bairro-linhares-para-obras-da-cesama\/"},"modified":"2017-11-15T09:50:37","modified_gmt":"2017-11-15T11:50:37","slug":"settra-interdita-rua-no-bairro-linhares-para-obras-da-cesama","status":"publish","type":"post","link":"https:\/\/diarioregionaldigital.com.br\/?p=85300","title":{"rendered":"Settra interdita rua no Bairro Linhares para obras da Cesama"},"content":{"rendered":"<p>Em virtude das obras que ser\u00e3o realizadas pela Companhia de Saneamento Municipal (Cesama) nesta quarta-feira, 15, e quinta-feira, 16, a Secretaria de Transporte e Tr\u00e2nsito (Settra) da Prefeitura de Juiz de Fora (PJF), interditar\u00e1 a Rua Jos\u00e9 Sobreira, no bairro Linhares, das 9h \u00e0s 17h.<\/p>\n<p>Fonte: Assessoria<\/p>\n","protected":false},"excerpt":{"rendered":"<p>Em virtude das obras que ser\u00e3o realizadas pela Companhia de Saneamento Municipal (Cesama) nesta quarta-feira, 15, e quinta-feira, 16, a Secretaria de Transporte e Tr\u00e2nsito (Settra) da Prefeitura de Juiz de Fora (PJF), interditar\u00e1 a Rua Jos\u00e9 Sobreira, no bairro Linhares, das 9h \u00e0s 17h. Fonte: Assessoria<\/p>\n","protected":false},"author":96,"featured_media":85299,"comment_status":"closed","ping_status":"closed","sticky":false,"template":"","format":"standard","meta":{"footnotes":""},"categories":[253],"tags":[],"class_list":["post-85300","post","type-post","status-publish","format-standard","has-post-thumbnail","hentry","category-cidade"],"_links":{"self":[{"href":"https:\/\/diarioregionaldigital.com.br\/index.php?rest_route=\/wp\/v2\/posts\/85300","targetHints":{"allow":["GET"]}}],"collection":[{"href":"https:\/\/diarioregionaldigital.com.br\/index.php?rest_route=\/wp\/v2\/posts"}],"about":[{"href":"https:\/\/diarioregionaldigital.com.br\/index.php?rest_route=\/wp\/v2\/types\/post"}],"author":[{"embeddable":true,"href":"https:\/\/diarioregionaldigital.com.br\/index.php?rest_route=\/wp\/v2\/users\/96"}],"replies":[{"embeddable":true,"href":"https:\/\/diarioregionaldigital.com.br\/index.php?rest_route=%2Fwp%2Fv2%2Fcomments&post=85300"}],"version-history":[{"count":0,"href":"https:\/\/diarioregionaldigital.com.br\/index.php?rest_route=\/wp\/v2\/posts\/85300\/revisions"}],"wp:featuredmedia":[{"embeddable":true,"href":"https:\/\/diarioregionaldigital.com.br\/index.php?rest_route=\/wp\/v2\/media\/85299"}],"wp:attachment":[{"href":"https:\/\/diarioregionaldigital.com.br\/index.php?rest_route=%2Fwp%2Fv2%2Fmedia&parent=85300"}],"wp:term":[{"taxonomy":"category","embeddable":true,"href":"https:\/\/diarioregionaldigital.com.br\/index.php?rest_route=%2Fwp%2Fv2%2Fcategories&post=85300"},{"taxonomy":"post_tag","embeddable":true,"href":"https:\/\/diarioregionaldigital.com.br\/index.php?rest_route=%2Fwp%2Fv2%2Ftags&post=85300"}],"curies":[{"name":"wp","href":"https:\/\/api.w.org\/{rel}","templated":true}]}}