{"id":85298,"date":"2017-11-15T09:48:14","date_gmt":"2017-11-15T11:48:14","guid":{"rendered":"http:\/\/diarioregionaljf.com.br\/2017\/11\/15\/conselho-de-protecao-animal-abre-selecao-para-entidade-da-sociedade-civil-organizada\/"},"modified":"2017-11-15T09:48:14","modified_gmt":"2017-11-15T11:48:14","slug":"conselho-de-protecao-animal-abre-selecao-para-entidade-da-sociedade-civil-organizada","status":"publish","type":"post","link":"https:\/\/diarioregionaldigital.com.br\/?p=85298","title":{"rendered":"Conselho de Prote\u00e7\u00e3o Animal abre sele\u00e7\u00e3o para entidade da sociedade civil organizada"},"content":{"rendered":"<p>O Conselho Municipal de Prote\u00e7\u00e3o Animal (Compa) abriu nova oportunidade para representantes da sociedade civil organizada atuarem em a\u00e7\u00f5es nesta \u00e1rea. A segunda chamada do processo eleitoral para integrar o quadro de conselheiros oferece duas vagas efetivas e duas para suplentes. As inscri\u00e7\u00f5es foram abertas nessa ter\u00e7a-feira, 14, e seguem at\u00e9 o dia 24.<\/p>\n<p>A cria\u00e7\u00e3o do conselho tem como objetivo o planejamento de a\u00e7\u00f5es combinadas entre institui\u00e7\u00f5es organizadas e profissionais das diferentes \u00e1reas. Como, por exemplo, campanhas de ado\u00e7\u00e3o respons\u00e1vel e fiscaliza\u00e7\u00e3o das normais legais do munic\u00edpio. Para isso, o Compa contar\u00e1 com equipe formada por m\u00e9dico veterin\u00e1rio, protetores independentes e entidades da sociedade civil.<\/p>\n<p>Os candidatos interessados devem apresentar a documenta\u00e7\u00e3o exigida at\u00e9 a data limite, na sede do Departamento de Limpeza Urbana (Demlurb), na Av. Francisco Valadares 1.000, Bairro Vila Ideal. O hor\u00e1rio de atendimento \u00e9 de 8 \u00e0s 12 horas e das 14 \u00e0s 17 horas. A lista da documeta\u00e7\u00e3o est\u00e1 dispon\u00edvel no <a href=\"https:\/\/www.pjf.mg.gov.br\/e_atos\/e_atos_vis.php?id=56311\">site da Prefeitura<\/a>. O nome das entidades inscritas ser\u00e1 afixado na Casa dos Conselhos, no dia 27.<\/p>\n<p>O edital de segunda chamada \u00e9 nova tentativa de envolver a participa\u00e7\u00e3o de entidades da sociedade civil organizada, uma vez que n\u00e3o houve n\u00famero de inscritos suficiente. Ap\u00f3s o edital, caso as vagas ainda estiverem dispon\u00edveis, o pr\u00f3prio conselho dar\u00e1 in\u00edcio ao processo de indica\u00e7\u00e3o de outras entidades, atrav\u00e9s de carta convite. Este procedimento pode ser necess\u00e1rio, para o fechamento do quadro do conselho.<\/p>\n<h4>ELEI\u00c7\u00c3O<\/h4>\n<p>Na \u00faltima quinta-feira, 9, foi realizada a elei\u00e7\u00e3o dos candidatos inscritos na primeira chamada do edital, para composi\u00e7\u00e3o do Compa. Como resultado, o conselho elegeu os seguintes representantes:<\/p>\n<p><strong>Entidade de sociedade civil organizada:<\/strong> Sociedade Juizforana de Prote\u00e7\u00e3o aos Animais e meio Ambiente (SJPA), chapa \u00fanica, eleita com um voto.<\/p>\n<p><strong>Protetores independentes:<\/strong> Nelma Ferreira dos Reis (titular) e Erika Schawarten (suplente), compondo a Chapa 1, eleita com seis votos, e Erika da Silva Romano (titular) e Silvana Guimar\u00e3es Fortunato (suplente), Chapa 2, e eleita com cinco votos.<\/p>\n<p><strong>M\u00e9dico veterin\u00e1rio:<\/strong> Adolfo Firmino da Silva (titular) e \u00c9rico Furtado Alvares (suplente), Chapa 1, eleita com tr\u00eas votos.<\/p>\n<p>Fonte: Assessoria<\/p>\n","protected":false},"excerpt":{"rendered":"<p>O Conselho Municipal de Prote\u00e7\u00e3o Animal (Compa) abriu nova oportunidade para representantes da sociedade civil organizada atuarem em a\u00e7\u00f5es nesta \u00e1rea. A segunda chamada do processo eleitoral para integrar o quadro de conselheiros oferece duas vagas efetivas e duas para suplentes. As inscri\u00e7\u00f5es foram abertas nessa ter\u00e7a-feira, 14, e seguem at\u00e9 o dia 24. A [&hellip;]<\/p>\n","protected":false},"author":96,"featured_media":85297,"comment_status":"closed","ping_status":"closed","sticky":false,"template":"","format":"standard","meta":{"footnotes":""},"categories":[253],"tags":[],"class_list":["post-85298","post","type-post","status-publish","format-standard","has-post-thumbnail","hentry","category-cidade"],"_links":{"self":[{"href":"https:\/\/diarioregionaldigital.com.br\/index.php?rest_route=\/wp\/v2\/posts\/85298","targetHints":{"allow":["GET"]}}],"collection":[{"href":"https:\/\/diarioregionaldigital.com.br\/index.php?rest_route=\/wp\/v2\/posts"}],"about":[{"href":"https:\/\/diarioregionaldigital.com.br\/index.php?rest_route=\/wp\/v2\/types\/post"}],"author":[{"embeddable":true,"href":"https:\/\/diarioregionaldigital.com.br\/index.php?rest_route=\/wp\/v2\/users\/96"}],"replies":[{"embeddable":true,"href":"https:\/\/diarioregionaldigital.com.br\/index.php?rest_route=%2Fwp%2Fv2%2Fcomments&post=85298"}],"version-history":[{"count":0,"href":"https:\/\/diarioregionaldigital.com.br\/index.php?rest_route=\/wp\/v2\/posts\/85298\/revisions"}],"wp:featuredmedia":[{"embeddable":true,"href":"https:\/\/diarioregionaldigital.com.br\/index.php?rest_route=\/wp\/v2\/media\/85297"}],"wp:attachment":[{"href":"https:\/\/diarioregionaldigital.com.br\/index.php?rest_route=%2Fwp%2Fv2%2Fmedia&parent=85298"}],"wp:term":[{"taxonomy":"category","embeddable":true,"href":"https:\/\/diarioregionaldigital.com.br\/index.php?rest_route=%2Fwp%2Fv2%2Fcategories&post=85298"},{"taxonomy":"post_tag","embeddable":true,"href":"https:\/\/diarioregionaldigital.com.br\/index.php?rest_route=%2Fwp%2Fv2%2Ftags&post=85298"}],"curies":[{"name":"wp","href":"https:\/\/api.w.org\/{rel}","templated":true}]}}