{"id":85279,"date":"2017-11-14T21:23:18","date_gmt":"2017-11-14T23:23:18","guid":{"rendered":"http:\/\/diarioregionaljf.com.br\/2017\/11\/14\/ministerio-da-agricultura-vai-lancar-aplicativo-para-conectar-produtores-rurais\/"},"modified":"2017-11-14T21:23:18","modified_gmt":"2017-11-14T23:23:18","slug":"ministerio-da-agricultura-vai-lancar-aplicativo-para-conectar-produtores-rurais","status":"publish","type":"post","link":"https:\/\/diarioregionaldigital.com.br\/?p=85279","title":{"rendered":"Minist\u00e9rio da Agricultura vai lan\u00e7ar aplicativo para conectar produtores rurais"},"content":{"rendered":"<p>O Minist\u00e9rio de Agricultura, Pecu\u00e1ria e Abastecimento (Mapa) prepara o lan\u00e7amento de um aplicativo para celular que vai conectar produtores, legisladores, veterin\u00e1rios e demais pessoas ligadas \u00e0 pecu\u00e1ria ao maior banco de dados sobre a sa\u00fade animal no Brasil.<\/p>\n<p>Desenvolvido em parceria da Ag\u00eancia de Defesa Agropecu\u00e1ria do Estado do Cear\u00e1 (Adagri) com o Departamento de Sa\u00fade Animal (DSA) do minist\u00e9rio, o aplicativo, chamado Sa\u00fade Animal, vai oferecer informa\u00e7\u00f5es sobre doen\u00e7as, vacinas, tr\u00e2nsito de animais e ainda receber den\u00fancias sobre situa\u00e7\u00f5es irregulares ou suspeitas em qualquer lugar do pais.<br \/>O diretor do DSA, Guilherme Marques, um dos criadores do projeto, explica que a equipe partiu da necessidade de atualiza\u00e7\u00e3o do Manual Veterin\u00e1rio de Colheita e Envio de Amostras, feito em 2010.<\/p>\n<p>&#8220;A grande dificuldade era, por incr\u00edvel que pare\u00e7a, de custos, porque o manual foi impresso em cores em papel resistente a \u00e1gua, o que n\u00e3o era barato. Al\u00e9m do que, hoje em dia, as pessoas n\u00e3o carregam mais informa\u00e7\u00f5es impressas. Elas carregam o celular, mesmo na ro\u00e7a. Ent\u00e3o pensamos num aplicativo que pudesse inclusive funcionar offline&#8221;. explica.<\/p>\n<p><strong>Falando com Lia<\/strong><\/p>\n<p>Ainda em fase de testes, o aplicativo vai funcionar tanto no sistema Android quanto no IOS e j\u00e1 tem uma atendente virtual, chamada Lia, que responde em portugu\u00eas, espanhol ou ingl\u00eas a perguntas dos usu\u00e1rios.<\/p>\n<p>&#8220;Por enquanto &#8211; explica Marques &#8211; ela ainda n\u00e3o sabe muita coisa, porque o banco de dados ainda n\u00e3o tem tudo. Mas as informa\u00e7\u00f5es v\u00e3o sendo passadas por produtores, veterin\u00e1rios, t\u00e9cnicos e processadas no DSA. A ideia \u00e9 que os dados sejam atualizados constantemente&#8221;.<\/p>\n<p>Para acessar as informa\u00e7\u00f5es, o usu\u00e1rio ter\u00e1 que se cadastrar e a partir dai ficar\u00e1 conectado com a atendente virtual, que poder\u00e1 responder \u00e0s suas perguntas. Isso \u00e9 importante para a localiza\u00e7\u00e3o do usu\u00e1rio, pela qual o aplicativo identifica a regi\u00e3o e pode oferecer o conte\u00fado mais adequado.<\/p>\n<p>As notifica\u00e7\u00f5es de doen\u00e7as, ou de suspeitas de doen\u00e7as, poder\u00e3o ser feitas off line e a assistente Lia avisa que elas ser\u00e3o transmitidas ao sistema assim que o usu\u00e1rio se conectar a uma rede. Apesar da quantidade e da complexidade do conte\u00fado, o aplicativo \u00e9 leve suficiente para n\u00e3o sobrecarregar a mem\u00f3ria dos smartphones.<\/p>\n<p><strong>P\u00fablico-alvo<\/strong><\/p>\n<p>Segundo Guilherme Marques, o aplicativo deve atingir, em todo o Brasil, um p\u00fablico-alvo de 5 milh\u00f5es de produtores rurais, 120 mil veterin\u00e1rios e mais 18.700 servidores p\u00fablicos e auxiliares t\u00e9cnicos da sa\u00fade animal.<\/p>\n<p>&#8220;Toda e qualquer produ\u00e7\u00e3o de conhecimento e tecnologia precisa estar numa base de dados por duas raz\u00f5es principais: primeiro, melhorar o conhecimento e o n\u00edvel de educa\u00e7\u00e3o no meio agropecu\u00e1rio; e, segundo, permitir a maior participa\u00e7\u00e3o do produtor na formula\u00e7\u00e3o das politicas p\u00fablicas&#8221;. disse Marques.<\/p>\n<p>O novo aplicativo ser\u00e1 lan\u00e7ado oficialmente no pr\u00f3ximo dia 4 de dezembro, durante o Encontro Nacional de Defesa Sanit\u00e1ria Animal &#8211; Endesa 2017 &#8211; em Bel\u00e9m, estado do Par\u00e1, com a presen\u00e7a do ministro da Agricultura, Pecu\u00e1ria e Abastecimento, Blairo Maggi.<\/p>\n<hr \/>\n<p>&nbsp;Fonte: Ag\u00eancia Brasil<\/p>\n","protected":false},"excerpt":{"rendered":"<p>O Minist\u00e9rio de Agricultura, Pecu\u00e1ria e Abastecimento (Mapa) prepara o lan\u00e7amento de um aplicativo para celular que vai conectar produtores, legisladores, veterin\u00e1rios e demais pessoas ligadas \u00e0 pecu\u00e1ria ao maior banco de dados sobre a sa\u00fade animal no Brasil. Desenvolvido em parceria da Ag\u00eancia de Defesa Agropecu\u00e1ria do Estado do Cear\u00e1 (Adagri) com o Departamento [&hellip;]<\/p>\n","protected":false},"author":96,"featured_media":85278,"comment_status":"closed","ping_status":"closed","sticky":false,"template":"","format":"standard","meta":{"footnotes":""},"categories":[261],"tags":[],"class_list":["post-85279","post","type-post","status-publish","format-standard","has-post-thumbnail","hentry","category-economia"],"_links":{"self":[{"href":"https:\/\/diarioregionaldigital.com.br\/index.php?rest_route=\/wp\/v2\/posts\/85279","targetHints":{"allow":["GET"]}}],"collection":[{"href":"https:\/\/diarioregionaldigital.com.br\/index.php?rest_route=\/wp\/v2\/posts"}],"about":[{"href":"https:\/\/diarioregionaldigital.com.br\/index.php?rest_route=\/wp\/v2\/types\/post"}],"author":[{"embeddable":true,"href":"https:\/\/diarioregionaldigital.com.br\/index.php?rest_route=\/wp\/v2\/users\/96"}],"replies":[{"embeddable":true,"href":"https:\/\/diarioregionaldigital.com.br\/index.php?rest_route=%2Fwp%2Fv2%2Fcomments&post=85279"}],"version-history":[{"count":0,"href":"https:\/\/diarioregionaldigital.com.br\/index.php?rest_route=\/wp\/v2\/posts\/85279\/revisions"}],"wp:featuredmedia":[{"embeddable":true,"href":"https:\/\/diarioregionaldigital.com.br\/index.php?rest_route=\/wp\/v2\/media\/85278"}],"wp:attachment":[{"href":"https:\/\/diarioregionaldigital.com.br\/index.php?rest_route=%2Fwp%2Fv2%2Fmedia&parent=85279"}],"wp:term":[{"taxonomy":"category","embeddable":true,"href":"https:\/\/diarioregionaldigital.com.br\/index.php?rest_route=%2Fwp%2Fv2%2Fcategories&post=85279"},{"taxonomy":"post_tag","embeddable":true,"href":"https:\/\/diarioregionaldigital.com.br\/index.php?rest_route=%2Fwp%2Fv2%2Ftags&post=85279"}],"curies":[{"name":"wp","href":"https:\/\/api.w.org\/{rel}","templated":true}]}}