{"id":85277,"date":"2017-11-14T21:14:40","date_gmt":"2017-11-14T23:14:40","guid":{"rendered":"http:\/\/diarioregionaljf.com.br\/2017\/11\/14\/eletrobras-tem-queda-no-lucro-liquido-com-r-550-milhoes-no-terceiro-trimestre\/"},"modified":"2017-11-14T21:14:40","modified_gmt":"2017-11-14T23:14:40","slug":"eletrobras-tem-queda-no-lucro-liquido-com-r-550-milhoes-no-terceiro-trimestre","status":"publish","type":"post","link":"https:\/\/diarioregionaldigital.com.br\/?p=85277","title":{"rendered":"Eletrobras tem queda no lucro l\u00edquido, com R$550 milh\u00f5es no terceiro trimestre"},"content":{"rendered":"<p>A Eletrobras apresentou lucro l\u00edquido de R$550 milh\u00f5es no terceiro trimestre deste ano, queda de 37% em rela\u00e7\u00e3o ao lucro registrado no mesmo per\u00edodo do ano passado. De acordo com a empresa, o resultado sofreu influ\u00eancia de receitas financeiras com indeniza\u00e7\u00f5es pela renova\u00e7\u00e3o antecipada de linhas de transmiss\u00e3o de energia el\u00e9trica.<\/p>\n<p>J\u00e1 o lucro gerencial, que exclui os chamados fatores extraordin\u00e1rios, alcan\u00e7ou R$449 milh\u00f5es, aumento de 267% em compara\u00e7\u00e3o a igual per\u00edodo do ano passado. No ano, o lucro \u00e9 de R$2,272 bilh\u00f5es. O presidente da estatal, Wilson Ferreira J\u00fanior, classificou o resultado como \u201cmuito bom\u201d. A receita, segundo Ferreira J\u00fanior, cresceu 16%, atingindo R$7,574 bilh\u00f5es.<\/p>\n<p>A receita l\u00edquida de gera\u00e7\u00e3o subiu 9% na compara\u00e7\u00e3o com o ano passado, e a de transmiss\u00e3o cresceu 19%. Entrada de obras, reajuste indexado \u00e0 infla\u00e7\u00e3o e melhora de resultados no mercado livre explicam os aumentos, disse o presidente.<\/p>\n<p>Wilson Ferreira J\u00fanior informou que, para preparar as empresas do grupo para privatiza\u00e7\u00e3o, foram investidos pela Eletrobras, at\u00e9 setembro \u00faltimo, R$3,7 bilh\u00f5es. Ele estima que os investimentos da companhia fechar\u00e3o o ano em torno de R$5 bilh\u00f5es. O valor \u00e9 inferior aos R$8,7 bilh\u00f5es investidos no ano passado. \u201cVai passar de cinco. Vai ser menos do que no ano passado\u201d. Ele lembrou que, ao assumir a empresa, em julho de 2016, havia se comprometido a reduzir os investimentos em 35%.<\/p>\n<p>O presidente da Eletrobras comunicou ter encerrado no terceiro trimestre o Plano de Aposentadoria Extraordin\u00e1ria (PAE), que permitir\u00e1 \u00e0 empresa economia de R$877 milh\u00f5es por ano. O PAE teve ades\u00e3o de 2.108 empregados.<\/p>\n<p>A companhia fechou o trimestre com d\u00edvida bruta de R$44,7 bilh\u00f5es, R$0,9 bilh\u00e3o a menos que em igual per\u00edodo de 2016. A rela\u00e7\u00e3o entre d\u00edvida l\u00edquida e o EBITDA (gera\u00e7\u00e3o l\u00edquida de caixa) caiu 4,1 vezes, aproximando-se da meta de quatro vezes definida no plano de neg\u00f3cios.<\/p>\n<p>Ferreira J\u00fanior informou que, ainda este m\u00eas, dever\u00e1 ser apresentado ao Conselho de Administra\u00e7\u00e3o da companhia a venda de participa\u00e7\u00e3o em 77 das 178 sociedades de prop\u00f3sito espec\u00edfico (SPEs), em que a Eletrobras tem participa\u00e7\u00e3o minorit\u00e1ria. A expectativa \u00e9 que a opera\u00e7\u00e3o gere retorno cont\u00e1bil de R$4,6 bilh\u00f5es.<\/p>\n<p>O presidente da Eletrobras acredita que a companhia dever\u00e1 pagar dividendos sobre os resultados de 2017. &#8220;Acho que sim, no ritmo que est\u00e1\u201d, disse referindo-se ao resultado apresentado no ano.<\/p>\n<hr \/>\n<p>&nbsp;Fonte: Ag\u00eancia Brasil<\/p>\n","protected":false},"excerpt":{"rendered":"<p>A Eletrobras apresentou lucro l\u00edquido de R$550 milh\u00f5es no terceiro trimestre deste ano, queda de 37% em rela\u00e7\u00e3o ao lucro registrado no mesmo per\u00edodo do ano passado. De acordo com a empresa, o resultado sofreu influ\u00eancia de receitas financeiras com indeniza\u00e7\u00f5es pela renova\u00e7\u00e3o antecipada de linhas de transmiss\u00e3o de energia el\u00e9trica. J\u00e1 o lucro gerencial, [&hellip;]<\/p>\n","protected":false},"author":96,"featured_media":85276,"comment_status":"closed","ping_status":"closed","sticky":false,"template":"","format":"standard","meta":{"footnotes":""},"categories":[261],"tags":[],"class_list":["post-85277","post","type-post","status-publish","format-standard","has-post-thumbnail","hentry","category-economia"],"_links":{"self":[{"href":"https:\/\/diarioregionaldigital.com.br\/index.php?rest_route=\/wp\/v2\/posts\/85277","targetHints":{"allow":["GET"]}}],"collection":[{"href":"https:\/\/diarioregionaldigital.com.br\/index.php?rest_route=\/wp\/v2\/posts"}],"about":[{"href":"https:\/\/diarioregionaldigital.com.br\/index.php?rest_route=\/wp\/v2\/types\/post"}],"author":[{"embeddable":true,"href":"https:\/\/diarioregionaldigital.com.br\/index.php?rest_route=\/wp\/v2\/users\/96"}],"replies":[{"embeddable":true,"href":"https:\/\/diarioregionaldigital.com.br\/index.php?rest_route=%2Fwp%2Fv2%2Fcomments&post=85277"}],"version-history":[{"count":0,"href":"https:\/\/diarioregionaldigital.com.br\/index.php?rest_route=\/wp\/v2\/posts\/85277\/revisions"}],"wp:featuredmedia":[{"embeddable":true,"href":"https:\/\/diarioregionaldigital.com.br\/index.php?rest_route=\/wp\/v2\/media\/85276"}],"wp:attachment":[{"href":"https:\/\/diarioregionaldigital.com.br\/index.php?rest_route=%2Fwp%2Fv2%2Fmedia&parent=85277"}],"wp:term":[{"taxonomy":"category","embeddable":true,"href":"https:\/\/diarioregionaldigital.com.br\/index.php?rest_route=%2Fwp%2Fv2%2Fcategories&post=85277"},{"taxonomy":"post_tag","embeddable":true,"href":"https:\/\/diarioregionaldigital.com.br\/index.php?rest_route=%2Fwp%2Fv2%2Ftags&post=85277"}],"curies":[{"name":"wp","href":"https:\/\/api.w.org\/{rel}","templated":true}]}}