{"id":85245,"date":"2017-11-14T20:15:16","date_gmt":"2017-11-14T22:15:16","guid":{"rendered":"http:\/\/diarioregionaljf.com.br\/2017\/11\/14\/ministro-do-stf-devolve-a-pgr-delacao-de-publicitario-de-cabral-e-pezao\/"},"modified":"2017-11-14T20:15:16","modified_gmt":"2017-11-14T22:15:16","slug":"ministro-do-stf-devolve-a-pgr-delacao-de-publicitario-de-cabral-e-pezao","status":"publish","type":"post","link":"https:\/\/diarioregionaldigital.com.br\/?p=85245","title":{"rendered":"Ministro do STF devolve \u00e0 PGR dela\u00e7\u00e3o de publicit\u00e1rio de Cabral e Pez\u00e3o"},"content":{"rendered":"<p>O ministro do Supremo Tribunal Federal (STF) Ricardo Lewandowski devolveu nessa ter\u00e7a-feira, 14, \u00e0 Procuradoria-Geral da Rep\u00fablica (PGR) pedido de homologa\u00e7\u00e3o do acordo de dela\u00e7\u00e3o premiada do publicit\u00e1rio Renato Pereira, respons\u00e1vel por campanhas eleitorais do PMDB do Rio de Janeiro, entre elas as do ex-governador S\u00e9rgio Cabral e do atual governador, Luiz Fernando Pez\u00e3o. Na decis\u00e3o, Lewandowski pediu que algumas cl\u00e1usulas sejam revistas pela PGR.<\/p>\n<p>Ao negar momentaneamente o pedido para homologar a colabora\u00e7\u00e3o, o ministro n\u00e3o concordou com cl\u00e1usulas que foram fechadas pela PGR durante a gest\u00e3o do ex-procurador-geral da Rep\u00fablica Rodrigo Janot, por entender que a maioria dos benef\u00edcios n\u00e3o pode ser concedida pelo Minist\u00e9rio P\u00fablico. Para Lewandowski, o perd\u00e3o de penas privativas de liberdade e a suspens\u00e3o do prazo prescricional somente podem ser determinadas por meio de senten\u00e7a judicial.<\/p>\n<p>No acordo fechado com a PGR, Renato Pereira recebeu perd\u00e3o de pena em todos os crimes que confessou e foi penalizado somente por supostos desvios na campanha eleitoral de Pez\u00e3o, em 2014. Pela conduta, Pereira deveria cumprir quatro anos de pris\u00e3o, divididos em um ano de recolhimento noturno e tr\u00eas anos de presta\u00e7\u00e3o de servi\u00e7os comunit\u00e1rios, al\u00e9m do pagamento de R$1,5 milh\u00e3o pelos danos causados pelos crimes.<\/p>\n<p>&nbsp;<\/p>\n<h4>VAZAMENTO<\/h4>\n<p>Na mesma decis\u00e3o, Lewandowski decidiu retirar o segredo de Justi\u00e7a do processo e determinou que o novo diretor-geral da Pol\u00edcia Federal (PF), Fernando Seg\u00f3via, investigue o vazamento do conte\u00fado das dela\u00e7\u00f5es de Pereira antes de sua decis\u00e3o.<\/p>\n<p>Fonte: Ag\u00eancia Brasil<\/p>\n","protected":false},"excerpt":{"rendered":"<p>O ministro do Supremo Tribunal Federal (STF) Ricardo Lewandowski devolveu nessa ter\u00e7a-feira, 14, \u00e0 Procuradoria-Geral da Rep\u00fablica (PGR) pedido de homologa\u00e7\u00e3o do acordo de dela\u00e7\u00e3o premiada do publicit\u00e1rio Renato Pereira, respons\u00e1vel por campanhas eleitorais do PMDB do Rio de Janeiro, entre elas as do ex-governador S\u00e9rgio Cabral e do atual governador, Luiz Fernando Pez\u00e3o. Na [&hellip;]<\/p>\n","protected":false},"author":96,"featured_media":85244,"comment_status":"closed","ping_status":"closed","sticky":false,"template":"","format":"standard","meta":{"footnotes":""},"categories":[254],"tags":[],"class_list":["post-85245","post","type-post","status-publish","format-standard","has-post-thumbnail","hentry","category-politica"],"_links":{"self":[{"href":"https:\/\/diarioregionaldigital.com.br\/index.php?rest_route=\/wp\/v2\/posts\/85245","targetHints":{"allow":["GET"]}}],"collection":[{"href":"https:\/\/diarioregionaldigital.com.br\/index.php?rest_route=\/wp\/v2\/posts"}],"about":[{"href":"https:\/\/diarioregionaldigital.com.br\/index.php?rest_route=\/wp\/v2\/types\/post"}],"author":[{"embeddable":true,"href":"https:\/\/diarioregionaldigital.com.br\/index.php?rest_route=\/wp\/v2\/users\/96"}],"replies":[{"embeddable":true,"href":"https:\/\/diarioregionaldigital.com.br\/index.php?rest_route=%2Fwp%2Fv2%2Fcomments&post=85245"}],"version-history":[{"count":0,"href":"https:\/\/diarioregionaldigital.com.br\/index.php?rest_route=\/wp\/v2\/posts\/85245\/revisions"}],"wp:featuredmedia":[{"embeddable":true,"href":"https:\/\/diarioregionaldigital.com.br\/index.php?rest_route=\/wp\/v2\/media\/85244"}],"wp:attachment":[{"href":"https:\/\/diarioregionaldigital.com.br\/index.php?rest_route=%2Fwp%2Fv2%2Fmedia&parent=85245"}],"wp:term":[{"taxonomy":"category","embeddable":true,"href":"https:\/\/diarioregionaldigital.com.br\/index.php?rest_route=%2Fwp%2Fv2%2Fcategories&post=85245"},{"taxonomy":"post_tag","embeddable":true,"href":"https:\/\/diarioregionaldigital.com.br\/index.php?rest_route=%2Fwp%2Fv2%2Ftags&post=85245"}],"curies":[{"name":"wp","href":"https:\/\/api.w.org\/{rel}","templated":true}]}}