{"id":85218,"date":"2017-11-14T15:43:24","date_gmt":"2017-11-14T17:43:24","guid":{"rendered":"http:\/\/diarioregionaljf.com.br\/2017\/11\/14\/assaltantes-rendem-funcionarios-e-roubam-acougue-no-bairro-fontesville\/"},"modified":"2017-11-14T15:43:24","modified_gmt":"2017-11-14T17:43:24","slug":"assaltantes-rendem-funcionarios-e-roubam-acougue-no-bairro-fontesville","status":"publish","type":"post","link":"https:\/\/diarioregionaldigital.com.br\/?p=85218","title":{"rendered":"Assaltantes rendem funcion\u00e1rios e roubam a\u00e7ougue no bairro Fontesville"},"content":{"rendered":"<p>Um a\u00e7ougue foi assaltado no final da manh\u00e3 desta segunda-feira, 12, no bairro Fontesville, localizado na zona Norte de Juiz de Fora.<\/p>\n<p>De acordo com o registro de ocorr\u00eancias da Pol\u00edcia Militar (PM), dois funcion\u00e1rios do a\u00e7ougue, uma mulher de 31 anos e um homem de 35, encontravam-se no estabelecimento, quando dois indiv\u00edduos com uma arma de fogo anunciaram o assalto.<\/p>\n<p>Os autores amea\u00e7aram as v\u00edtimas e roubaram a quantia de R$800 do a\u00e7ougue, al\u00e9m de dois celulares e carteiras.<\/p>\n<p>A PM realizou buscas na regi\u00e3o, mas os assaltantes n\u00e3o foram encontrados.<\/p>\n","protected":false},"excerpt":{"rendered":"<p>Um a\u00e7ougue foi assaltado no final da manh\u00e3 desta segunda-feira, 12, no bairro Fontesville, localizado na zona Norte de Juiz de Fora. De acordo com o registro de ocorr\u00eancias da Pol\u00edcia Militar (PM), dois funcion\u00e1rios do a\u00e7ougue, uma mulher de 31 anos e um homem de 35, encontravam-se no estabelecimento, quando dois indiv\u00edduos com uma [&hellip;]<\/p>\n","protected":false},"author":96,"featured_media":85217,"comment_status":"closed","ping_status":"closed","sticky":false,"template":"","format":"standard","meta":{"footnotes":""},"categories":[301],"tags":[],"class_list":["post-85218","post","type-post","status-publish","format-standard","has-post-thumbnail","hentry","category-artigos-policiais"],"_links":{"self":[{"href":"https:\/\/diarioregionaldigital.com.br\/index.php?rest_route=\/wp\/v2\/posts\/85218","targetHints":{"allow":["GET"]}}],"collection":[{"href":"https:\/\/diarioregionaldigital.com.br\/index.php?rest_route=\/wp\/v2\/posts"}],"about":[{"href":"https:\/\/diarioregionaldigital.com.br\/index.php?rest_route=\/wp\/v2\/types\/post"}],"author":[{"embeddable":true,"href":"https:\/\/diarioregionaldigital.com.br\/index.php?rest_route=\/wp\/v2\/users\/96"}],"replies":[{"embeddable":true,"href":"https:\/\/diarioregionaldigital.com.br\/index.php?rest_route=%2Fwp%2Fv2%2Fcomments&post=85218"}],"version-history":[{"count":0,"href":"https:\/\/diarioregionaldigital.com.br\/index.php?rest_route=\/wp\/v2\/posts\/85218\/revisions"}],"wp:featuredmedia":[{"embeddable":true,"href":"https:\/\/diarioregionaldigital.com.br\/index.php?rest_route=\/wp\/v2\/media\/85217"}],"wp:attachment":[{"href":"https:\/\/diarioregionaldigital.com.br\/index.php?rest_route=%2Fwp%2Fv2%2Fmedia&parent=85218"}],"wp:term":[{"taxonomy":"category","embeddable":true,"href":"https:\/\/diarioregionaldigital.com.br\/index.php?rest_route=%2Fwp%2Fv2%2Fcategories&post=85218"},{"taxonomy":"post_tag","embeddable":true,"href":"https:\/\/diarioregionaldigital.com.br\/index.php?rest_route=%2Fwp%2Fv2%2Ftags&post=85218"}],"curies":[{"name":"wp","href":"https:\/\/api.w.org\/{rel}","templated":true}]}}