{"id":85216,"date":"2017-11-14T14:37:51","date_gmt":"2017-11-14T16:37:51","guid":{"rendered":"http:\/\/diarioregionaljf.com.br\/2017\/11\/14\/america-mg-retorna-a-elite-do-futebol-nacional\/"},"modified":"2017-11-14T14:37:51","modified_gmt":"2017-11-14T16:37:51","slug":"america-mg-retorna-a-elite-do-futebol-nacional","status":"publish","type":"post","link":"https:\/\/diarioregionaldigital.com.br\/?p=85216","title":{"rendered":"Am\u00e9rica &#8211; MG retorna \u00e0 elite do futebol nacional"},"content":{"rendered":"<div>Alegria Tricolor em Minas Gerais! No s\u00e1bado, 11, o Am\u00e9rica superou o Figueirense fora de casa e garantiu com tr\u00eas rodada de anteced\u00eancia o seu retorno para a S\u00e9rie A do Campeonato Brasileiro. A vit\u00f3ria por 2 a 1 sobre o Figueira e os demais resultados da rodada garantiram o acesso do Coelho.&nbsp; A equipe&nbsp; ainda assumiu a lideran\u00e7a da S\u00e9rie B e agora foca somente na conquista do bicampeonato nacional.<\/div>\n<div>&nbsp;<\/div>\n<div>Logo no primeiro minuto de jogo, Rafael Lima, capit\u00e3o americano, usou a cabe\u00e7a para abrir o placar ap\u00f3s cobran\u00e7a de escanteio. Aos 25, em falta batida para dentro da \u00e1rea dos mineiros, Jorge Henrique desviou tamb\u00e9m de cabe\u00e7a e colocou as equipes novamente em igualdade.<\/div>\n<div>&nbsp;<\/div>\n<div>O gol que garantiu o triunfo e colocou o Am\u00e9rica de volta na primeira divis\u00e3o brasileira saiu no fim da etapa inicial. Aos 48 minutos, Gerson Magr\u00e3o recebeu passe de Bill dentro da grande \u00e1rea e cruzou para o lateral Giovanni escorar de cabe\u00e7a e confirmar a vit\u00f3ria americana.<\/div>\n<div>&nbsp;<\/div>\n<div>Com mais tr\u00eas pontos conquistados, o Tricolor de Belo Horizonte chegou aos 66 pontos e ultrapassou o Internacional na ponta da tabela de classifica\u00e7\u00e3o. O pr\u00f3ximo compromisso do Coelho ser\u00e1 contra o Juventude, nesta ter\u00e7a-feira, 14, \u00e0s 21h30, na Arena Independ\u00eancia.&nbsp;<\/div>\n","protected":false},"excerpt":{"rendered":"<p>Alegria Tricolor em Minas Gerais! No s\u00e1bado, 11, o Am\u00e9rica superou o Figueirense fora de casa e garantiu com tr\u00eas rodada de anteced\u00eancia o seu retorno para a S\u00e9rie A do Campeonato Brasileiro. A vit\u00f3ria por 2 a 1 sobre o Figueira e os demais resultados da rodada garantiram o acesso do Coelho.&nbsp; A equipe&nbsp; [&hellip;]<\/p>\n","protected":false},"author":96,"featured_media":85215,"comment_status":"closed","ping_status":"closed","sticky":false,"template":"","format":"standard","meta":{"footnotes":""},"categories":[257],"tags":[365],"class_list":["post-85216","post","type-post","status-publish","format-standard","has-post-thumbnail","hentry","category-esporte","tag-americamineiro"],"_links":{"self":[{"href":"https:\/\/diarioregionaldigital.com.br\/index.php?rest_route=\/wp\/v2\/posts\/85216","targetHints":{"allow":["GET"]}}],"collection":[{"href":"https:\/\/diarioregionaldigital.com.br\/index.php?rest_route=\/wp\/v2\/posts"}],"about":[{"href":"https:\/\/diarioregionaldigital.com.br\/index.php?rest_route=\/wp\/v2\/types\/post"}],"author":[{"embeddable":true,"href":"https:\/\/diarioregionaldigital.com.br\/index.php?rest_route=\/wp\/v2\/users\/96"}],"replies":[{"embeddable":true,"href":"https:\/\/diarioregionaldigital.com.br\/index.php?rest_route=%2Fwp%2Fv2%2Fcomments&post=85216"}],"version-history":[{"count":0,"href":"https:\/\/diarioregionaldigital.com.br\/index.php?rest_route=\/wp\/v2\/posts\/85216\/revisions"}],"wp:featuredmedia":[{"embeddable":true,"href":"https:\/\/diarioregionaldigital.com.br\/index.php?rest_route=\/wp\/v2\/media\/85215"}],"wp:attachment":[{"href":"https:\/\/diarioregionaldigital.com.br\/index.php?rest_route=%2Fwp%2Fv2%2Fmedia&parent=85216"}],"wp:term":[{"taxonomy":"category","embeddable":true,"href":"https:\/\/diarioregionaldigital.com.br\/index.php?rest_route=%2Fwp%2Fv2%2Fcategories&post=85216"},{"taxonomy":"post_tag","embeddable":true,"href":"https:\/\/diarioregionaldigital.com.br\/index.php?rest_route=%2Fwp%2Fv2%2Ftags&post=85216"}],"curies":[{"name":"wp","href":"https:\/\/api.w.org\/{rel}","templated":true}]}}